{"id":13462,"date":"2021-11-01T20:10:26","date_gmt":"2021-11-02T01:10:26","guid":{"rendered":"https:\/\/mire.gob.pa\/ministerio\/?p=13462"},"modified":"2021-11-01T20:10:26","modified_gmt":"2021-11-02T01:10:26","slug":"mes-panama-conferencia-sobre-el-canal-de-panama","status":"publish","type":"post","link":"https:\/\/mire.gob.pa\/ministerio\/mes-panama-conferencia-sobre-el-canal-de-panama\/","title":{"rendered":"Mes Panam\u00e1: Conferencia sobre el Canal de Panam\u00e1"},"content":{"rendered":"<p>Reconociendo la importancia del Canal de Panam\u00e1 en el comercio mundial, se llev\u00f3 a cabo la Conferencia sobre Infraestructura e impacto geopol\u00edtico: Canal de Panam\u00e1 disertada por la Licenciada Argelis Moreno, Especialista Senior, Segmento de Servicios de L\u00edneas del Canal de Panam\u00e1.<\/p>\n<p>La Licenciada Moreno dio a conocer la importancia del Canal de Panam\u00e1 y su funcionamiento despu\u00e9s de la reversi\u00f3n. Explic\u00f3 todo lo relacionado a la v\u00eda interoce\u00e1nica con sus clientes y usuarios, especialmente con la pandemia del COVID-19.<\/p>\n<p>El tema reacci\u00f3n positivamente con la audiencia generando decena de preguntas\u00a0 la cual contribuy\u00f3 a la din\u00e1mica de la Conferencia.<\/p>\n","protected":false},"excerpt":{"rendered":"<p>Reconociendo la importancia del Canal de Panam\u00e1 en el comercio mundial, se llev\u00f3 a cabo la Conferencia sobre Infraestructura e impacto geopol\u00edtico: Canal de Panam\u00e1 disertada por la Licenciada Argelis Moreno, Especialista Senior, Segmento de Servicios de L\u00edneas del Canal de Panam\u00e1. La Licenciada Moreno dio a conocer la importancia  [leer m\u00e1s]<\/p>\n","protected":false},"author":1,"featured_media":13463,"comment_status":"open","ping_status":"open","sticky":false,"template":"","format":"standard","meta":{"footnotes":""},"categories":[55],"tags":[],"class_list":["post-13462","post","type-post","status-publish","format-standard","has-post-thumbnail","hentry","category-colombia"],"toolset-meta":{"campos-de-texto":[]},"_links":{"self":[{"href":"https:\/\/mire.gob.pa\/ministerio\/wp-json\/wp\/v2\/posts\/13462","targetHints":{"allow":["GET"]}}],"collection":[{"href":"https:\/\/mire.gob.pa\/ministerio\/wp-json\/wp\/v2\/posts"}],"about":[{"href":"https:\/\/mire.gob.pa\/ministerio\/wp-json\/wp\/v2\/types\/post"}],"author":[{"embeddable":true,"href":"https:\/\/mire.gob.pa\/ministerio\/wp-json\/wp\/v2\/users\/1"}],"replies":[{"embeddable":true,"href":"https:\/\/mire.gob.pa\/ministerio\/wp-json\/wp\/v2\/comments?post=13462"}],"version-history":[{"count":1,"href":"https:\/\/mire.gob.pa\/ministerio\/wp-json\/wp\/v2\/posts\/13462\/revisions"}],"predecessor-version":[{"id":13468,"href":"https:\/\/mire.gob.pa\/ministerio\/wp-json\/wp\/v2\/posts\/13462\/revisions\/13468"}],"wp:featuredmedia":[{"embeddable":true,"href":"https:\/\/mire.gob.pa\/ministerio\/wp-json\/wp\/v2\/media\/13463"}],"wp:attachment":[{"href":"https:\/\/mire.gob.pa\/ministerio\/wp-json\/wp\/v2\/media?parent=13462"}],"wp:term":[{"taxonomy":"category","embeddable":true,"href":"https:\/\/mire.gob.pa\/ministerio\/wp-json\/wp\/v2\/categories?post=13462"},{"taxonomy":"post_tag","embeddable":true,"href":"https:\/\/mire.gob.pa\/ministerio\/wp-json\/wp\/v2\/tags?post=13462"}],"curies":[{"name":"wp","href":"https:\/\/api.w.org\/{rel}","templated":true}]}}