{"id":13991,"date":"2021-11-18T15:47:32","date_gmt":"2021-11-18T20:47:32","guid":{"rendered":"https:\/\/mire.gob.pa\/ministerio\/?p=13991"},"modified":"2021-11-18T15:47:32","modified_gmt":"2021-11-18T20:47:32","slug":"izada-de-la-bandera-cadetes-panamenos","status":"publish","type":"post","link":"https:\/\/mire.gob.pa\/ministerio\/izada-de-la-bandera-cadetes-panamenos\/","title":{"rendered":"Izada de la Bandera: cadetes paname\u00f1os"},"content":{"rendered":"<p>En conmemoraci\u00f3n de los 118 a\u00f1os de separaci\u00f3n de Colombia, la Embajada de Panam\u00e1 realiza acto de Izada de la Bandera con la especial participaci\u00f3n de ocho (8) cadetes paname\u00f1os con antig\u00fcedad que cursan diferentes estudios en materia de seguridad en Colombia.<\/p>\n<p>En un acto solemne se rindi\u00f3 homenaje al mes patrio, con la celebraci\u00f3n de la soberan\u00eda nacional. Estuvieron encargados del acto protocolar los cadetes paname\u00f1os de la Escuela de Cadetes de Polic\u00eda General Francisco de Paula Santander. Izada de la Bandera: Joel Pinzon Godoy (SPI); Jesus Alberto Moran\u00a0 y Diego Murillo Jimenez\u00a0 del SENAN. Para el juramento a la bandera, se cont\u00f3 con la participaci\u00f3n de Alejandra Hernandez Ar\u00e9valo del SENAFRONT.<\/p>\n<p>Posterior a los actos de izada de la bandera, la Embajadora Liliana Fern\u00e1ndez Puentes, inaugur\u00f3 el sal\u00f3n de reuniones de la Embajada con el nombre de Gloria Guardia, como un claro homenaje a la escritora paname\u00f1a para inmortalizar la\u00a0 historia de esta hero\u00edna literaria que dedic\u00f3 su vida a la defensa de la\u00a0 cultura literaria paname\u00f1a, en el marco de la celebraci\u00f3n del Bicentenario de la Rep\u00fablica.<\/p>\n<p>Breve rese\u00f1a de Gloria Guardia:<\/p>\n<p style=\"text-align: left;\">Fue novelista, ensayista, periodista y acad\u00e9mica. Adem\u00e1s, fue miembro pionero en Pen International de Londres, visibilizando la regi\u00f3n latina de literatura. Form\u00f3 parte de las Academias de la Lengua de Panam\u00e1, Nicaragua y Colombia.<\/p>\n<p style=\"text-align: left;\">Para esta Embajada nombrar este Sal\u00f3n como Gloria Guardia es un honor por ser mujer empoderada, paname\u00f1a, literaria y amante de la paz y la inclusi\u00f3n social, donde sus letras era su arma mas valiosa para esta y las futuras generaciones<\/p>\n<p>&nbsp;<\/p>\n<p>&nbsp;<\/p>\n<p>&nbsp;<\/p>\n<p>&nbsp;<\/p>\n<p>&nbsp;<\/p>\n","protected":false},"excerpt":{"rendered":"<p>En conmemoraci\u00f3n de los 118 a\u00f1os de separaci\u00f3n de Colombia, la Embajada de Panam\u00e1 realiza acto de Izada de la Bandera con la especial participaci\u00f3n de ocho (8) cadetes paname\u00f1os con antig\u00fcedad que cursan diferentes estudios en materia de seguridad en Colombia. En un acto solemne se rindi\u00f3 homenaje al  [leer m\u00e1s]<\/p>\n","protected":false},"author":1,"featured_media":13992,"comment_status":"open","ping_status":"open","sticky":false,"template":"","format":"standard","meta":{"footnotes":""},"categories":[55],"tags":[],"class_list":["post-13991","post","type-post","status-publish","format-standard","has-post-thumbnail","hentry","category-colombia"],"toolset-meta":{"campos-de-texto":[]},"_links":{"self":[{"href":"https:\/\/mire.gob.pa\/ministerio\/wp-json\/wp\/v2\/posts\/13991","targetHints":{"allow":["GET"]}}],"collection":[{"href":"https:\/\/mire.gob.pa\/ministerio\/wp-json\/wp\/v2\/posts"}],"about":[{"href":"https:\/\/mire.gob.pa\/ministerio\/wp-json\/wp\/v2\/types\/post"}],"author":[{"embeddable":true,"href":"https:\/\/mire.gob.pa\/ministerio\/wp-json\/wp\/v2\/users\/1"}],"replies":[{"embeddable":true,"href":"https:\/\/mire.gob.pa\/ministerio\/wp-json\/wp\/v2\/comments?post=13991"}],"version-history":[{"count":1,"href":"https:\/\/mire.gob.pa\/ministerio\/wp-json\/wp\/v2\/posts\/13991\/revisions"}],"predecessor-version":[{"id":13999,"href":"https:\/\/mire.gob.pa\/ministerio\/wp-json\/wp\/v2\/posts\/13991\/revisions\/13999"}],"wp:featuredmedia":[{"embeddable":true,"href":"https:\/\/mire.gob.pa\/ministerio\/wp-json\/wp\/v2\/media\/13992"}],"wp:attachment":[{"href":"https:\/\/mire.gob.pa\/ministerio\/wp-json\/wp\/v2\/media?parent=13991"}],"wp:term":[{"taxonomy":"category","embeddable":true,"href":"https:\/\/mire.gob.pa\/ministerio\/wp-json\/wp\/v2\/categories?post=13991"},{"taxonomy":"post_tag","embeddable":true,"href":"https:\/\/mire.gob.pa\/ministerio\/wp-json\/wp\/v2\/tags?post=13991"}],"curies":[{"name":"wp","href":"https:\/\/api.w.org\/{rel}","templated":true}]}}