{"id":14924,"date":"2022-01-25T13:45:45","date_gmt":"2022-01-25T18:45:45","guid":{"rendered":"https:\/\/mire.gob.pa\/ministerio\/?p=14924"},"modified":"2022-01-25T16:11:28","modified_gmt":"2022-01-25T21:11:28","slug":"embajadora-liliana-fernandez-visita-sede-cajica-de-la-universidad-militar-nueva-granada","status":"publish","type":"post","link":"https:\/\/mire.gob.pa\/ministerio\/embajadora-liliana-fernandez-visita-sede-cajica-de-la-universidad-militar-nueva-granada\/","title":{"rendered":"Embajadora Liliana Fern\u00e1ndez visita sede Cajic\u00e1 de la Universidad Militar Nueva Granada"},"content":{"rendered":"<p>Como parte de la agenda acad\u00e9mica que desarrolla la Embajada de Panama en Colombia, la Embajadora Liliana Fern\u00e1ndez visita instalaciones de la Universidad Militar Nuevo Granada en Cajic\u00e1, a fin de conocer su funcionalidad e identificar \u00e1reas de cooperaci\u00f3n, especialmente en al campo de la investigaci\u00f3n y transferencia de conocimiento.<\/p>\n<p>El Coronel Gustavo Becerra, Vicerrector del campus junto a la Doctora Clara Guzm\u00e1n, Vicerrectora de Investigaciones, presentaron los avances alcanzados en esta casa superior de estudios y sus experiencias de \u00e9xitos en materia investigativa, tecnolog\u00eda e innovaci\u00f3n.<\/p>\n","protected":false},"excerpt":{"rendered":"<p>Como parte de la agenda acad\u00e9mica que desarrolla la Embajada de Panama en Colombia, la Embajadora Liliana Fern\u00e1ndez visita instalaciones de la Universidad Militar Nuevo Granada en Cajic\u00e1, a fin de conocer su funcionalidad e identificar \u00e1reas de cooperaci\u00f3n, especialmente en al campo de la investigaci\u00f3n y transferencia de conocimiento.  [leer m\u00e1s]<\/p>\n","protected":false},"author":1,"featured_media":14925,"comment_status":"open","ping_status":"open","sticky":false,"template":"","format":"standard","meta":{"footnotes":""},"categories":[55],"tags":[],"class_list":["post-14924","post","type-post","status-publish","format-standard","has-post-thumbnail","hentry","category-colombia"],"toolset-meta":{"campos-de-texto":[]},"_links":{"self":[{"href":"https:\/\/mire.gob.pa\/ministerio\/wp-json\/wp\/v2\/posts\/14924","targetHints":{"allow":["GET"]}}],"collection":[{"href":"https:\/\/mire.gob.pa\/ministerio\/wp-json\/wp\/v2\/posts"}],"about":[{"href":"https:\/\/mire.gob.pa\/ministerio\/wp-json\/wp\/v2\/types\/post"}],"author":[{"embeddable":true,"href":"https:\/\/mire.gob.pa\/ministerio\/wp-json\/wp\/v2\/users\/1"}],"replies":[{"embeddable":true,"href":"https:\/\/mire.gob.pa\/ministerio\/wp-json\/wp\/v2\/comments?post=14924"}],"version-history":[{"count":2,"href":"https:\/\/mire.gob.pa\/ministerio\/wp-json\/wp\/v2\/posts\/14924\/revisions"}],"predecessor-version":[{"id":14930,"href":"https:\/\/mire.gob.pa\/ministerio\/wp-json\/wp\/v2\/posts\/14924\/revisions\/14930"}],"wp:featuredmedia":[{"embeddable":true,"href":"https:\/\/mire.gob.pa\/ministerio\/wp-json\/wp\/v2\/media\/14925"}],"wp:attachment":[{"href":"https:\/\/mire.gob.pa\/ministerio\/wp-json\/wp\/v2\/media?parent=14924"}],"wp:term":[{"taxonomy":"category","embeddable":true,"href":"https:\/\/mire.gob.pa\/ministerio\/wp-json\/wp\/v2\/categories?post=14924"},{"taxonomy":"post_tag","embeddable":true,"href":"https:\/\/mire.gob.pa\/ministerio\/wp-json\/wp\/v2\/tags?post=14924"}],"curies":[{"name":"wp","href":"https:\/\/api.w.org\/{rel}","templated":true}]}}