{"id":15173,"date":"2022-02-17T10:57:34","date_gmt":"2022-02-17T15:57:34","guid":{"rendered":"https:\/\/mire.gob.pa\/ministerio\/?p=15173"},"modified":"2022-02-17T10:57:34","modified_gmt":"2022-02-17T15:57:34","slug":"primer-concierto-de-camerata-panama-en-colombia","status":"publish","type":"post","link":"https:\/\/mire.gob.pa\/ministerio\/primer-concierto-de-camerata-panama-en-colombia\/","title":{"rendered":"Primer concierto de &#8220;Camerata Panam\u00e1&#8221; en Colombia"},"content":{"rendered":"<p>S.E. Liliana Fernandez inaugur\u00f3 el primer concierto de Camerata Panam\u00e1 en el Museo Nacional de Colombia con el director Victor Mata, la cual cont\u00f3 con una audiencia especial\u00a0 de Embajadas acreditadas en el pa\u00ecs , artistas, empresarios y p\u00fablico en general, deleitando a los invitados con un repertorio de m\u00fasica tradicional paname\u00f1a e internacional cl\u00e1sica. Se cont\u00f3 con la especial participaci\u00f3n del joven pianista\u00a0 David Garcia, considerado un artista prodigio del piano.<\/p>\n<p>La Camerata Panam\u00e1, conmemor\u00f3 sus 10 aniversarios en esta primera gira en Colombia, adem\u00e1s de realizar conferencias y foros musicales que promuevan la diversidad cultural paname\u00f1a<\/p>\n","protected":false},"excerpt":{"rendered":"<p>S.E. Liliana Fernandez inaugur\u00f3 el primer concierto de Camerata Panam\u00e1 en el Museo Nacional de Colombia con el director Victor Mata, la cual cont\u00f3 con una audiencia especial\u00a0 de Embajadas acreditadas en el pa\u00ecs , artistas, empresarios y p\u00fablico en general, deleitando a los invitados con un repertorio de m\u00fasica  [leer m\u00e1s]<\/p>\n","protected":false},"author":1,"featured_media":15175,"comment_status":"open","ping_status":"open","sticky":false,"template":"","format":"standard","meta":{"footnotes":""},"categories":[55],"tags":[],"class_list":["post-15173","post","type-post","status-publish","format-standard","has-post-thumbnail","hentry","category-colombia"],"toolset-meta":{"campos-de-texto":[]},"_links":{"self":[{"href":"https:\/\/mire.gob.pa\/ministerio\/wp-json\/wp\/v2\/posts\/15173","targetHints":{"allow":["GET"]}}],"collection":[{"href":"https:\/\/mire.gob.pa\/ministerio\/wp-json\/wp\/v2\/posts"}],"about":[{"href":"https:\/\/mire.gob.pa\/ministerio\/wp-json\/wp\/v2\/types\/post"}],"author":[{"embeddable":true,"href":"https:\/\/mire.gob.pa\/ministerio\/wp-json\/wp\/v2\/users\/1"}],"replies":[{"embeddable":true,"href":"https:\/\/mire.gob.pa\/ministerio\/wp-json\/wp\/v2\/comments?post=15173"}],"version-history":[{"count":1,"href":"https:\/\/mire.gob.pa\/ministerio\/wp-json\/wp\/v2\/posts\/15173\/revisions"}],"predecessor-version":[{"id":15180,"href":"https:\/\/mire.gob.pa\/ministerio\/wp-json\/wp\/v2\/posts\/15173\/revisions\/15180"}],"wp:featuredmedia":[{"embeddable":true,"href":"https:\/\/mire.gob.pa\/ministerio\/wp-json\/wp\/v2\/media\/15175"}],"wp:attachment":[{"href":"https:\/\/mire.gob.pa\/ministerio\/wp-json\/wp\/v2\/media?parent=15173"}],"wp:term":[{"taxonomy":"category","embeddable":true,"href":"https:\/\/mire.gob.pa\/ministerio\/wp-json\/wp\/v2\/categories?post=15173"},{"taxonomy":"post_tag","embeddable":true,"href":"https:\/\/mire.gob.pa\/ministerio\/wp-json\/wp\/v2\/tags?post=15173"}],"curies":[{"name":"wp","href":"https:\/\/api.w.org\/{rel}","templated":true}]}}