{"id":15886,"date":"2022-04-20T12:10:10","date_gmt":"2022-04-20T17:10:10","guid":{"rendered":"https:\/\/mire.gob.pa\/ministerio\/?p=15886"},"modified":"2022-04-20T12:10:10","modified_gmt":"2022-04-20T17:10:10","slug":"primer-desayuno-de-industrias-creativas-con-ciudad-del-saber","status":"publish","type":"post","link":"https:\/\/mire.gob.pa\/ministerio\/primer-desayuno-de-industrias-creativas-con-ciudad-del-saber\/","title":{"rendered":"Primer desayuno de &#8220;Industrias Creativas con Ciudad del Saber&#8221;"},"content":{"rendered":"<p>La Embajadora Liliana Fern\u00e1ndez en coordinaci\u00f3n con la Ciudad del Saber, organizaron el primer desayuno de industrias creativas en Colombia. Se cont\u00f3 con la especial presentaci\u00f3n de la Licenciada Mariana Nu\u00f1ez, Vicepresidenta de Comunicaciones de la Ciudad del Saber, donde comparti\u00f3 con los asistentes los beneficios e incentivos que ofrece la CDS a las empresas dedicadas a industrias creativas en su diversidad y campos de acci\u00f3n.<\/p>\n<p>La Embajada de Panam\u00e1 fue sede de este encuentro donde asistieron empresas de innovaci\u00f3n, tecnolog\u00eda, biociencias, industrias creativas e instituciones dedicadas a la promoci\u00f3n cultural.<\/p>\n<p>Esto representa el inicio del plan de trabajo para este a\u00f1o de la Embajadora Fern\u00e1ndez, encaminado a promover e impulsar el establecimiento de empresas vinculadas a industrias creativas en la plataforma de innovaci\u00f3n que ofrece CDS.<\/p>\n<p>Es importante destacar, que este encuentro se da en el marco de la Feria Internacional del Libro en Bogota-FILBO, donde la Embajada de Panam\u00e1 con el auspicio del Ciudad del Saber y Editorial Planeta, lanzar\u00e1n el libro &#8220;Historia p\u00e9rdidas del Canal de Panam\u00e1&#8221;, con la especial participaci\u00f3n de la historiadora Marixa Lasso<\/p>\n<p>Cobertura de medios: Revista digital Kienyke y el periodista Diego Aretz, columnista del peri\u00f3dico El Espectador<\/p>\n<p>&nbsp;<\/p>\n","protected":false},"excerpt":{"rendered":"<p>La Embajadora Liliana Fern\u00e1ndez en coordinaci\u00f3n con la Ciudad del Saber, organizaron el primer desayuno de industrias creativas en Colombia. Se cont\u00f3 con la especial presentaci\u00f3n de la Licenciada Mariana Nu\u00f1ez, Vicepresidenta de Comunicaciones de la Ciudad del Saber, donde comparti\u00f3 con los asistentes los beneficios e incentivos que ofrece  [leer m\u00e1s]<\/p>\n","protected":false},"author":1,"featured_media":15887,"comment_status":"open","ping_status":"open","sticky":false,"template":"","format":"standard","meta":{"footnotes":""},"categories":[55],"tags":[],"class_list":["post-15886","post","type-post","status-publish","format-standard","has-post-thumbnail","hentry","category-colombia"],"toolset-meta":{"campos-de-texto":[]},"_links":{"self":[{"href":"https:\/\/mire.gob.pa\/ministerio\/wp-json\/wp\/v2\/posts\/15886","targetHints":{"allow":["GET"]}}],"collection":[{"href":"https:\/\/mire.gob.pa\/ministerio\/wp-json\/wp\/v2\/posts"}],"about":[{"href":"https:\/\/mire.gob.pa\/ministerio\/wp-json\/wp\/v2\/types\/post"}],"author":[{"embeddable":true,"href":"https:\/\/mire.gob.pa\/ministerio\/wp-json\/wp\/v2\/users\/1"}],"replies":[{"embeddable":true,"href":"https:\/\/mire.gob.pa\/ministerio\/wp-json\/wp\/v2\/comments?post=15886"}],"version-history":[{"count":1,"href":"https:\/\/mire.gob.pa\/ministerio\/wp-json\/wp\/v2\/posts\/15886\/revisions"}],"predecessor-version":[{"id":15896,"href":"https:\/\/mire.gob.pa\/ministerio\/wp-json\/wp\/v2\/posts\/15886\/revisions\/15896"}],"wp:featuredmedia":[{"embeddable":true,"href":"https:\/\/mire.gob.pa\/ministerio\/wp-json\/wp\/v2\/media\/15887"}],"wp:attachment":[{"href":"https:\/\/mire.gob.pa\/ministerio\/wp-json\/wp\/v2\/media?parent=15886"}],"wp:term":[{"taxonomy":"category","embeddable":true,"href":"https:\/\/mire.gob.pa\/ministerio\/wp-json\/wp\/v2\/categories?post=15886"},{"taxonomy":"post_tag","embeddable":true,"href":"https:\/\/mire.gob.pa\/ministerio\/wp-json\/wp\/v2\/tags?post=15886"}],"curies":[{"name":"wp","href":"https:\/\/api.w.org\/{rel}","templated":true}]}}