{"id":15963,"date":"2022-04-27T12:24:32","date_gmt":"2022-04-27T17:24:32","guid":{"rendered":"https:\/\/mire.gob.pa\/ministerio\/?p=15963"},"modified":"2022-04-27T12:24:32","modified_gmt":"2022-04-27T17:24:32","slug":"marixa-lasso-en-la-filbo-2022-embajada-de-panama-en-colombia-diplomacia-cultural","status":"publish","type":"post","link":"https:\/\/mire.gob.pa\/ministerio\/marixa-lasso-en-la-filbo-2022-embajada-de-panama-en-colombia-diplomacia-cultural\/","title":{"rendered":"Marixa Lasso en la FILBO-2022: Embajada de Panam\u00e1 en Colombia &#8220;diplomacia cultural&#8221;"},"content":{"rendered":"<p>Bajo la colaboraci\u00f3n de la Embajada de Panam\u00e1 en Colombia, Editorial Planeta y la Ciudad del Saber, la Dra. Marixa Lasso, realiz\u00f3 una misi\u00f3n literaria y acad\u00e9mica en Bogota. Su agenda de trabajo inicio con la presentaci\u00f3n de su libro \u201cHistoria p\u00e9rdidas del Canal de Panam\u00e1&#8221;, en el marco de la FILBO en un Conversatorio moderado por el escritor Juan Carlos Flores, el pasado 20 de abril de 2022.<\/p>\n<p>Se desarroll\u00f3 una serie de encuentros acad\u00e9micos con la Universidad de Los Andes y la Universidad Nacional, organizado por la Embajada de Panam\u00e1, con la finalidad de identificar temas de inter\u00e9s para propuesta de cooperacion en el marco del reci\u00e9n creado Centro de Investigaciones Hist\u00f3ricas, Antropol\u00f3gicas y Culturales (CIHAC AIP), de la cual Marixa Lasso es la Directora y gestora<\/p>\n<p>Embajadora Liliana Fern\u00e1ndez, promocionando el evento literario con entrevistas a diferentes medios de comunicaci\u00f3n, como Canal 1 y la revista digital Kienyke<\/p>\n<p>El Stand del Hombre de la Mancha, fue el punto de encuentro para la degustaci\u00f3n de bebidas paname\u00f1as y firma de libro. Se cont\u00f3 con la colaboraci\u00f3n y apoyo de Orit Btesh, presidenta de la C\u00e1mara Paname\u00f1a del Libro.<\/p>\n<p>&nbsp;<\/p>\n","protected":false},"excerpt":{"rendered":"<p>Bajo la colaboraci\u00f3n de la Embajada de Panam\u00e1 en Colombia, Editorial Planeta y la Ciudad del Saber, la Dra. Marixa Lasso, realiz\u00f3 una misi\u00f3n literaria y acad\u00e9mica en Bogota. Su agenda de trabajo inicio con la presentaci\u00f3n de su libro \u201cHistoria p\u00e9rdidas del Canal de Panam\u00e1&#8221;, en el marco de  [leer m\u00e1s]<\/p>\n","protected":false},"author":1,"featured_media":15964,"comment_status":"open","ping_status":"open","sticky":false,"template":"","format":"standard","meta":{"footnotes":""},"categories":[55],"tags":[],"class_list":["post-15963","post","type-post","status-publish","format-standard","has-post-thumbnail","hentry","category-colombia"],"toolset-meta":{"campos-de-texto":[]},"_links":{"self":[{"href":"https:\/\/mire.gob.pa\/ministerio\/wp-json\/wp\/v2\/posts\/15963","targetHints":{"allow":["GET"]}}],"collection":[{"href":"https:\/\/mire.gob.pa\/ministerio\/wp-json\/wp\/v2\/posts"}],"about":[{"href":"https:\/\/mire.gob.pa\/ministerio\/wp-json\/wp\/v2\/types\/post"}],"author":[{"embeddable":true,"href":"https:\/\/mire.gob.pa\/ministerio\/wp-json\/wp\/v2\/users\/1"}],"replies":[{"embeddable":true,"href":"https:\/\/mire.gob.pa\/ministerio\/wp-json\/wp\/v2\/comments?post=15963"}],"version-history":[{"count":1,"href":"https:\/\/mire.gob.pa\/ministerio\/wp-json\/wp\/v2\/posts\/15963\/revisions"}],"predecessor-version":[{"id":15977,"href":"https:\/\/mire.gob.pa\/ministerio\/wp-json\/wp\/v2\/posts\/15963\/revisions\/15977"}],"wp:featuredmedia":[{"embeddable":true,"href":"https:\/\/mire.gob.pa\/ministerio\/wp-json\/wp\/v2\/media\/15964"}],"wp:attachment":[{"href":"https:\/\/mire.gob.pa\/ministerio\/wp-json\/wp\/v2\/media?parent=15963"}],"wp:term":[{"taxonomy":"category","embeddable":true,"href":"https:\/\/mire.gob.pa\/ministerio\/wp-json\/wp\/v2\/categories?post=15963"},{"taxonomy":"post_tag","embeddable":true,"href":"https:\/\/mire.gob.pa\/ministerio\/wp-json\/wp\/v2\/tags?post=15963"}],"curies":[{"name":"wp","href":"https:\/\/api.w.org\/{rel}","templated":true}]}}