{"id":21951,"date":"2022-11-21T09:57:42","date_gmt":"2022-11-21T14:57:42","guid":{"rendered":"https:\/\/mire.gob.pa\/ministerio\/?p=21951"},"modified":"2022-11-21T09:57:42","modified_gmt":"2022-11-21T14:57:42","slug":"recuento-de-actividades-de-s-e-liliana-fernandez-previo-al-mes-patrio-2","status":"publish","type":"post","link":"https:\/\/mire.gob.pa\/ministerio\/recuento-de-actividades-de-s-e-liliana-fernandez-previo-al-mes-patrio-2\/","title":{"rendered":"Recuento de actividades de S.E. Liliana Fern\u00e1ndez, previo al mes patrio"},"content":{"rendered":"<p>La Embajadora Liliana Fern\u00e1ndez particip\u00f3 en el 1er Encuentro de la Coordinadora Nacional de Mujeres &#8211; Conamu, para compartir la situaci\u00f3n de las mujeres firmantes de los Acuerdos de Paz. Tuvo como objetivo abrir un espacio de di\u00e1logo para construir la transversalidad del enfoque de g\u00e9nero.<\/p>\n<p>Como referencia, unas de las tareas de la Jefa de Misi\u00f3n es vincularse al proceso de paz y su respectivo monitoreo y seguimiento<\/p>\n","protected":false},"excerpt":{"rendered":"<p>La Embajadora Liliana Fern\u00e1ndez particip\u00f3 en el 1er Encuentro de la Coordinadora Nacional de Mujeres &#8211; Conamu, para compartir la situaci\u00f3n de las mujeres firmantes de los Acuerdos de Paz. Tuvo como objetivo abrir un espacio de di\u00e1logo para construir la transversalidad del enfoque de g\u00e9nero. Como referencia, unas de  [leer m\u00e1s]<\/p>\n","protected":false},"author":1,"featured_media":21952,"comment_status":"open","ping_status":"open","sticky":false,"template":"","format":"standard","meta":{"footnotes":""},"categories":[55],"tags":[],"class_list":["post-21951","post","type-post","status-publish","format-standard","has-post-thumbnail","hentry","category-colombia"],"toolset-meta":{"campos-de-texto":[]},"_links":{"self":[{"href":"https:\/\/mire.gob.pa\/ministerio\/wp-json\/wp\/v2\/posts\/21951","targetHints":{"allow":["GET"]}}],"collection":[{"href":"https:\/\/mire.gob.pa\/ministerio\/wp-json\/wp\/v2\/posts"}],"about":[{"href":"https:\/\/mire.gob.pa\/ministerio\/wp-json\/wp\/v2\/types\/post"}],"author":[{"embeddable":true,"href":"https:\/\/mire.gob.pa\/ministerio\/wp-json\/wp\/v2\/users\/1"}],"replies":[{"embeddable":true,"href":"https:\/\/mire.gob.pa\/ministerio\/wp-json\/wp\/v2\/comments?post=21951"}],"version-history":[{"count":1,"href":"https:\/\/mire.gob.pa\/ministerio\/wp-json\/wp\/v2\/posts\/21951\/revisions"}],"predecessor-version":[{"id":21953,"href":"https:\/\/mire.gob.pa\/ministerio\/wp-json\/wp\/v2\/posts\/21951\/revisions\/21953"}],"wp:featuredmedia":[{"embeddable":true,"href":"https:\/\/mire.gob.pa\/ministerio\/wp-json\/wp\/v2\/media\/21952"}],"wp:attachment":[{"href":"https:\/\/mire.gob.pa\/ministerio\/wp-json\/wp\/v2\/media?parent=21951"}],"wp:term":[{"taxonomy":"category","embeddable":true,"href":"https:\/\/mire.gob.pa\/ministerio\/wp-json\/wp\/v2\/categories?post=21951"},{"taxonomy":"post_tag","embeddable":true,"href":"https:\/\/mire.gob.pa\/ministerio\/wp-json\/wp\/v2\/tags?post=21951"}],"curies":[{"name":"wp","href":"https:\/\/api.w.org\/{rel}","templated":true}]}}