{"id":21981,"date":"2022-11-21T10:15:53","date_gmt":"2022-11-21T15:15:53","guid":{"rendered":"https:\/\/mire.gob.pa\/ministerio\/?p=21981"},"modified":"2022-11-21T10:15:53","modified_gmt":"2022-11-21T15:15:53","slug":"recuento-de-actividades-de-s-e-liliana-fernandez-en-el-marco-del-mes-patrio","status":"publish","type":"post","link":"https:\/\/mire.gob.pa\/ministerio\/recuento-de-actividades-de-s-e-liliana-fernandez-en-el-marco-del-mes-patrio\/","title":{"rendered":"Recuento de actividades de S.E. Liliana Fern\u00e1ndez, en el marco del mes patrio"},"content":{"rendered":"<p>Embajadora Liliana Fern\u00e1ndez compartiendo las oportunidades que ofrece Panam\u00e1 en materia comercial, log\u00edstica, cultural y acad\u00e9mica en la Universidad Cooperativa de Colombia, en el marco de las celebraciones del Mes Patrio. Semana Internacional de Ibagu\u00e9<\/p>\n<p>Evento virtual<\/p>\n","protected":false},"excerpt":{"rendered":"<p>Embajadora Liliana Fern\u00e1ndez compartiendo las oportunidades que ofrece Panam\u00e1 en materia comercial, log\u00edstica, cultural y acad\u00e9mica en la Universidad Cooperativa de Colombia, en el marco de las celebraciones del Mes Patrio. Semana Internacional de Ibagu\u00e9 Evento virtual<\/p>\n","protected":false},"author":1,"featured_media":21986,"comment_status":"open","ping_status":"open","sticky":false,"template":"","format":"standard","meta":{"footnotes":""},"categories":[55],"tags":[],"class_list":["post-21981","post","type-post","status-publish","format-standard","has-post-thumbnail","hentry","category-colombia"],"toolset-meta":{"campos-de-texto":[]},"_links":{"self":[{"href":"https:\/\/mire.gob.pa\/ministerio\/wp-json\/wp\/v2\/posts\/21981","targetHints":{"allow":["GET"]}}],"collection":[{"href":"https:\/\/mire.gob.pa\/ministerio\/wp-json\/wp\/v2\/posts"}],"about":[{"href":"https:\/\/mire.gob.pa\/ministerio\/wp-json\/wp\/v2\/types\/post"}],"author":[{"embeddable":true,"href":"https:\/\/mire.gob.pa\/ministerio\/wp-json\/wp\/v2\/users\/1"}],"replies":[{"embeddable":true,"href":"https:\/\/mire.gob.pa\/ministerio\/wp-json\/wp\/v2\/comments?post=21981"}],"version-history":[{"count":1,"href":"https:\/\/mire.gob.pa\/ministerio\/wp-json\/wp\/v2\/posts\/21981\/revisions"}],"predecessor-version":[{"id":21987,"href":"https:\/\/mire.gob.pa\/ministerio\/wp-json\/wp\/v2\/posts\/21981\/revisions\/21987"}],"wp:featuredmedia":[{"embeddable":true,"href":"https:\/\/mire.gob.pa\/ministerio\/wp-json\/wp\/v2\/media\/21986"}],"wp:attachment":[{"href":"https:\/\/mire.gob.pa\/ministerio\/wp-json\/wp\/v2\/media?parent=21981"}],"wp:term":[{"taxonomy":"category","embeddable":true,"href":"https:\/\/mire.gob.pa\/ministerio\/wp-json\/wp\/v2\/categories?post=21981"},{"taxonomy":"post_tag","embeddable":true,"href":"https:\/\/mire.gob.pa\/ministerio\/wp-json\/wp\/v2\/tags?post=21981"}],"curies":[{"name":"wp","href":"https:\/\/api.w.org\/{rel}","templated":true}]}}