{"id":23166,"date":"2022-12-15T00:27:43","date_gmt":"2022-12-15T05:27:43","guid":{"rendered":"https:\/\/mire.gob.pa\/ministerio\/?p=23166"},"modified":"2022-12-15T00:27:43","modified_gmt":"2022-12-15T05:27:43","slug":"panama-participa-en-el-8o-dialogo-internacional-de-manila-sobre-la-trata-de-personas-2","status":"publish","type":"post","link":"https:\/\/mire.gob.pa\/ministerio\/panama-participa-en-el-8o-dialogo-internacional-de-manila-sobre-la-trata-de-personas-2\/","title":{"rendered":"PANAM\u00c1 PARTICIPA EN EL 8\u00ba DI\u00c1LOGO INTERNACIONAL DE MANILA SOBRE LA TRATA DE PERSONAS"},"content":{"rendered":"<div class=\"fusion-fullwidth fullwidth-box fusion-builder-row-1 fusion-flex-container nonhundred-percent-fullwidth non-hundred-percent-height-scrolling\" style=\"--awb-border-radius-top-left:0px;--awb-border-radius-top-right:0px;--awb-border-radius-bottom-right:0px;--awb-border-radius-bottom-left:0px;--awb-flex-wrap:wrap;\" ><div class=\"fusion-builder-row fusion-row fusion-flex-align-items-flex-start fusion-flex-content-wrap\" style=\"max-width:1248px;margin-left: calc(-4% \/ 2 );margin-right: calc(-4% \/ 2 );\"><div class=\"fusion-layout-column fusion_builder_column fusion-builder-column-0 fusion_builder_column_1_1 1_1 fusion-flex-column\" style=\"--awb-bg-size:cover;--awb-width-large:100%;--awb-margin-top-large:0px;--awb-spacing-right-large:1.92%;--awb-margin-bottom-large:0px;--awb-spacing-left-large:1.92%;--awb-width-medium:100%;--awb-spacing-right-medium:1.92%;--awb-spacing-left-medium:1.92%;--awb-width-small:100%;--awb-spacing-right-small:1.92%;--awb-spacing-left-small:1.92%;\"><div class=\"fusion-column-wrapper fusion-flex-justify-content-flex-start fusion-content-layout-column\"><div class=\"fusion-text fusion-text-1\"><p>El 13 de diciembre de 2022, la Sra. Xiomara P\u00e9rez Rodr\u00edguez, Encargada de Negocios, a.i. particip\u00f3 en el 8\u00ba Di\u00e1logo Internacional de Manila sobre la Trata de Personas en el Hotel New Coast en la ciudad de Manila encabezado por el Consejo Interinstitucional contra la Trata (IACAT).<\/p>\n<p>La Embajada de la Rep\u00fablica de Panam\u00e1 es signataria de la Declaraci\u00f3n de Manila para mejorar la cooperaci\u00f3n internacional en la lucha contra la trata de personas firmada en junio de 2015.<\/p>\n<\/div><\/div><\/div><\/div><\/div>","protected":false},"excerpt":{"rendered":"","protected":false},"author":1,"featured_media":23139,"comment_status":"open","ping_status":"open","sticky":false,"template":"","format":"standard","meta":{"footnotes":""},"categories":[78],"tags":[],"class_list":["post-23166","post","type-post","status-publish","format-standard","has-post-thumbnail","hentry","category-filipinas"],"toolset-meta":{"campos-de-texto":[]},"_links":{"self":[{"href":"https:\/\/mire.gob.pa\/ministerio\/wp-json\/wp\/v2\/posts\/23166","targetHints":{"allow":["GET"]}}],"collection":[{"href":"https:\/\/mire.gob.pa\/ministerio\/wp-json\/wp\/v2\/posts"}],"about":[{"href":"https:\/\/mire.gob.pa\/ministerio\/wp-json\/wp\/v2\/types\/post"}],"author":[{"embeddable":true,"href":"https:\/\/mire.gob.pa\/ministerio\/wp-json\/wp\/v2\/users\/1"}],"replies":[{"embeddable":true,"href":"https:\/\/mire.gob.pa\/ministerio\/wp-json\/wp\/v2\/comments?post=23166"}],"version-history":[{"count":3,"href":"https:\/\/mire.gob.pa\/ministerio\/wp-json\/wp\/v2\/posts\/23166\/revisions"}],"predecessor-version":[{"id":23172,"href":"https:\/\/mire.gob.pa\/ministerio\/wp-json\/wp\/v2\/posts\/23166\/revisions\/23172"}],"wp:featuredmedia":[{"embeddable":true,"href":"https:\/\/mire.gob.pa\/ministerio\/wp-json\/wp\/v2\/media\/23139"}],"wp:attachment":[{"href":"https:\/\/mire.gob.pa\/ministerio\/wp-json\/wp\/v2\/media?parent=23166"}],"wp:term":[{"taxonomy":"category","embeddable":true,"href":"https:\/\/mire.gob.pa\/ministerio\/wp-json\/wp\/v2\/categories?post=23166"},{"taxonomy":"post_tag","embeddable":true,"href":"https:\/\/mire.gob.pa\/ministerio\/wp-json\/wp\/v2\/tags?post=23166"}],"curies":[{"name":"wp","href":"https:\/\/api.w.org\/{rel}","templated":true}]}}