{"id":24368,"date":"2023-02-23T09:31:25","date_gmt":"2023-02-23T14:31:25","guid":{"rendered":"https:\/\/mire.gob.pa\/ministerio\/?p=24368"},"modified":"2023-02-23T09:31:25","modified_gmt":"2023-02-23T14:31:25","slug":"panama-en-la-feria-de-turismo-anato-colombia","status":"publish","type":"post","link":"https:\/\/mire.gob.pa\/ministerio\/panama-en-la-feria-de-turismo-anato-colombia\/","title":{"rendered":"Panam\u00e1 en la Feria de Turismo ANATO- Colombia"},"content":{"rendered":"<p>Embajadora Liliana Fern\u00e1ndez participa en el acto de inauguraci\u00f3n de la 42 Vitrina Tur\u00edstica-ANATO 2023 y de &#8220;Colombia Travel Mart&#8221;. Especial participaci\u00f3n del presidente Gustavo Petro, teniendo a Rep\u00fablica Dominicana como pa\u00eds invitado. De Panam\u00e1 participa PROMTUR y operadores de turismo y cadenas hoteleras.<\/p>\n<p>La Embajadora Liliana Fern\u00e1ndez estuvo dialogando con el Viceministro de Turismo de Colombia Arturo Bravo, sobre el inter\u00e9s de fortalecer las rutas conjuntas de turismo entre otros temas.<\/p>\n<p>De igual manera la jefa de misi\u00f3n estuvo acompa\u00f1ando a las empresas de turismo y de hotel que vinieron de Panam\u00e1 para participar en esta vitrina de turismo, el equipo de PROMTUR, COPA, Wingo, entre otros.<\/p>\n<p>En materia comercial, hizo lobby con Jaime Alberto Cabal, presidente de la Federaci\u00f3n Nacional de Comerciantes -FENALCO<\/p>\n","protected":false},"excerpt":{"rendered":"<p>Embajadora Liliana Fern\u00e1ndez participa en el acto de inauguraci\u00f3n de la 42 Vitrina Tur\u00edstica-ANATO 2023 y de &#8220;Colombia Travel Mart&#8221;. Especial participaci\u00f3n del presidente Gustavo Petro, teniendo a Rep\u00fablica Dominicana como pa\u00eds invitado. De Panam\u00e1 participa PROMTUR y operadores de turismo y cadenas hoteleras. La Embajadora Liliana Fern\u00e1ndez estuvo dialogando  [leer m\u00e1s]<\/p>\n","protected":false},"author":1,"featured_media":24369,"comment_status":"open","ping_status":"open","sticky":false,"template":"","format":"standard","meta":{"footnotes":""},"categories":[55],"tags":[],"class_list":["post-24368","post","type-post","status-publish","format-standard","has-post-thumbnail","hentry","category-colombia"],"toolset-meta":{"campos-de-texto":[]},"_links":{"self":[{"href":"https:\/\/mire.gob.pa\/ministerio\/wp-json\/wp\/v2\/posts\/24368","targetHints":{"allow":["GET"]}}],"collection":[{"href":"https:\/\/mire.gob.pa\/ministerio\/wp-json\/wp\/v2\/posts"}],"about":[{"href":"https:\/\/mire.gob.pa\/ministerio\/wp-json\/wp\/v2\/types\/post"}],"author":[{"embeddable":true,"href":"https:\/\/mire.gob.pa\/ministerio\/wp-json\/wp\/v2\/users\/1"}],"replies":[{"embeddable":true,"href":"https:\/\/mire.gob.pa\/ministerio\/wp-json\/wp\/v2\/comments?post=24368"}],"version-history":[{"count":1,"href":"https:\/\/mire.gob.pa\/ministerio\/wp-json\/wp\/v2\/posts\/24368\/revisions"}],"predecessor-version":[{"id":24378,"href":"https:\/\/mire.gob.pa\/ministerio\/wp-json\/wp\/v2\/posts\/24368\/revisions\/24378"}],"wp:featuredmedia":[{"embeddable":true,"href":"https:\/\/mire.gob.pa\/ministerio\/wp-json\/wp\/v2\/media\/24369"}],"wp:attachment":[{"href":"https:\/\/mire.gob.pa\/ministerio\/wp-json\/wp\/v2\/media?parent=24368"}],"wp:term":[{"taxonomy":"category","embeddable":true,"href":"https:\/\/mire.gob.pa\/ministerio\/wp-json\/wp\/v2\/categories?post=24368"},{"taxonomy":"post_tag","embeddable":true,"href":"https:\/\/mire.gob.pa\/ministerio\/wp-json\/wp\/v2\/tags?post=24368"}],"curies":[{"name":"wp","href":"https:\/\/api.w.org\/{rel}","templated":true}]}}