{"id":26569,"date":"2023-03-08T11:01:31","date_gmt":"2023-03-08T16:01:31","guid":{"rendered":"https:\/\/mire.gob.pa\/ministerio\/?p=26569"},"modified":"2023-08-22T11:23:01","modified_gmt":"2023-08-22T16:23:01","slug":"entrega-de-la-orden-al-merito-social-colombiano","status":"publish","type":"post","link":"https:\/\/mire.gob.pa\/ministerio\/entrega-de-la-orden-al-merito-social-colombiano\/","title":{"rendered":"ENTREGA DE LA ORDEN AL M\u00c9RITO SOCIAL COLOMBIANO"},"content":{"rendered":"\t\t<div data-elementor-type=\"wp-post\" data-elementor-id=\"26569\" class=\"elementor elementor-26569\">\n\t\t\t\t\t\t<section class=\"elementor-section elementor-top-section elementor-element elementor-element-fa6b083 elementor-section-boxed elementor-section-height-default elementor-section-height-default\" data-id=\"fa6b083\" data-element_type=\"section\" data-e-type=\"section\">\n\t\t\t\t\t\t<div class=\"elementor-container elementor-column-gap-default\">\n\t\t\t\t\t<div class=\"elementor-column elementor-col-100 elementor-top-column elementor-element elementor-element-bd7c048\" data-id=\"bd7c048\" data-element_type=\"column\" data-e-type=\"column\">\n\t\t\t<div class=\"elementor-widget-wrap elementor-element-populated\">\n\t\t\t\t\t\t<div class=\"elementor-element elementor-element-0da1a34 elementor-widget elementor-widget-text-editor\" data-id=\"0da1a34\" data-element_type=\"widget\" data-e-type=\"widget\" data-widget_type=\"text-editor.default\">\n\t\t\t\t<div class=\"elementor-widget-container\">\n\t\t\t\t\t\t\t\t\t<p>La Embajadora de Panam\u00e1 en Colombia estuvo como invitada de honor en la entrega de la Orden al M\u00e9rito Social Colombiano Antonia Santos a un grupo de mujeres profesionales de diferentes \u00e1mbitos, educativo, salud, fundaciones, organismos internacionales, de la polic\u00eda entre otros, organizado por la Sociedad Colombiana de Prensa y Medios de Comunicaci\u00f3n. Cabe destacar que hace 13 a\u00f1os la Embajadora Fern\u00e1ndez fue galardonada con este m\u00e9rito, teniendo hoy la oportunidad de entregarlo a otras mujeres. Muchas felicidades.<\/p>\t\t\t\t\t\t\t\t<\/div>\n\t\t\t\t<\/div>\n\t\t\t\t\t<\/div>\n\t\t<\/div>\n\t\t\t\t\t<\/div>\n\t\t<\/section>\n\t\t\t\t<\/div>\n\t\t","protected":false},"excerpt":{"rendered":"<p>La Embajadora de Panam\u00e1 en Colombia estuvo como invitada de honor en la entrega de la Orden al M\u00e9rito Social Colombiano Antonia Santos a un grupo de mujeres profesionales de diferentes \u00e1mbitos, educativo, salud, fundaciones, organismos internacionales, de la polic\u00eda entre otros, organizado por la Sociedad Colombiana de Prensa y  [leer m\u00e1s]<\/p>\n","protected":false},"author":1,"featured_media":26572,"comment_status":"open","ping_status":"open","sticky":false,"template":"","format":"standard","meta":{"footnotes":""},"categories":[55],"tags":[],"class_list":["post-26569","post","type-post","status-publish","format-standard","has-post-thumbnail","hentry","category-colombia"],"toolset-meta":{"campos-de-texto":[]},"_links":{"self":[{"href":"https:\/\/mire.gob.pa\/ministerio\/wp-json\/wp\/v2\/posts\/26569","targetHints":{"allow":["GET"]}}],"collection":[{"href":"https:\/\/mire.gob.pa\/ministerio\/wp-json\/wp\/v2\/posts"}],"about":[{"href":"https:\/\/mire.gob.pa\/ministerio\/wp-json\/wp\/v2\/types\/post"}],"author":[{"embeddable":true,"href":"https:\/\/mire.gob.pa\/ministerio\/wp-json\/wp\/v2\/users\/1"}],"replies":[{"embeddable":true,"href":"https:\/\/mire.gob.pa\/ministerio\/wp-json\/wp\/v2\/comments?post=26569"}],"version-history":[{"count":11,"href":"https:\/\/mire.gob.pa\/ministerio\/wp-json\/wp\/v2\/posts\/26569\/revisions"}],"predecessor-version":[{"id":26594,"href":"https:\/\/mire.gob.pa\/ministerio\/wp-json\/wp\/v2\/posts\/26569\/revisions\/26594"}],"wp:featuredmedia":[{"embeddable":true,"href":"https:\/\/mire.gob.pa\/ministerio\/wp-json\/wp\/v2\/media\/26572"}],"wp:attachment":[{"href":"https:\/\/mire.gob.pa\/ministerio\/wp-json\/wp\/v2\/media?parent=26569"}],"wp:term":[{"taxonomy":"category","embeddable":true,"href":"https:\/\/mire.gob.pa\/ministerio\/wp-json\/wp\/v2\/categories?post=26569"},{"taxonomy":"post_tag","embeddable":true,"href":"https:\/\/mire.gob.pa\/ministerio\/wp-json\/wp\/v2\/tags?post=26569"}],"curies":[{"name":"wp","href":"https:\/\/api.w.org\/{rel}","templated":true}]}}