{"id":26637,"date":"2023-03-22T12:04:58","date_gmt":"2023-03-22T17:04:58","guid":{"rendered":"https:\/\/mire.gob.pa\/ministerio\/?p=26637"},"modified":"2023-08-28T09:14:04","modified_gmt":"2023-08-28T14:14:04","slug":"lanzamiento-de-mexico-como-pais-invitado-en-la-feria-del-libro-en-bogota-filbo-2023","status":"publish","type":"post","link":"https:\/\/mire.gob.pa\/ministerio\/lanzamiento-de-mexico-como-pais-invitado-en-la-feria-del-libro-en-bogota-filbo-2023\/","title":{"rendered":"LANZAMIENTO DE M\u00c9XICO COMO PA\u00cdS INVITADO EN LA FERIA DEL LIBRO EN BOGOT\u00c1 FILBO 2023"},"content":{"rendered":"\t\t<div data-elementor-type=\"wp-post\" data-elementor-id=\"26637\" class=\"elementor elementor-26637\">\n\t\t\t\t\t\t<section class=\"elementor-section elementor-top-section elementor-element elementor-element-ea82733 elementor-section-boxed elementor-section-height-default elementor-section-height-default\" data-id=\"ea82733\" data-element_type=\"section\" data-e-type=\"section\">\n\t\t\t\t\t\t<div class=\"elementor-container elementor-column-gap-default\">\n\t\t\t\t\t<div class=\"elementor-column elementor-col-100 elementor-top-column elementor-element elementor-element-e47220a\" data-id=\"e47220a\" data-element_type=\"column\" data-e-type=\"column\">\n\t\t\t<div class=\"elementor-widget-wrap elementor-element-populated\">\n\t\t\t\t\t\t<div class=\"elementor-element elementor-element-df81062 elementor-widget elementor-widget-text-editor\" data-id=\"df81062\" data-element_type=\"widget\" data-e-type=\"widget\" data-widget_type=\"text-editor.default\">\n\t\t\t\t<div class=\"elementor-widget-container\">\n\t\t\t\t\t\t\t\t\t<p>La embajadora Liliana Fern\u00e1ndez Puentes acompa\u00f1ada de la directora del Fondo de Cultura Econ\u00f3mico y un grupo de escritores<\/p>\t\t\t\t\t\t\t\t<\/div>\n\t\t\t\t<\/div>\n\t\t\t\t\t<\/div>\n\t\t<\/div>\n\t\t\t\t\t<\/div>\n\t\t<\/section>\n\t\t\t\t<\/div>\n\t\t","protected":false},"excerpt":{"rendered":"<p>La embajadora Liliana Fern\u00e1ndez Puentes acompa\u00f1ada de la directora del Fondo de Cultura Econ\u00f3mico y un grupo de escritores<\/p>\n","protected":false},"author":1,"featured_media":26638,"comment_status":"open","ping_status":"open","sticky":false,"template":"","format":"standard","meta":{"footnotes":""},"categories":[55],"tags":[],"class_list":["post-26637","post","type-post","status-publish","format-standard","has-post-thumbnail","hentry","category-colombia"],"toolset-meta":{"campos-de-texto":[]},"_links":{"self":[{"href":"https:\/\/mire.gob.pa\/ministerio\/wp-json\/wp\/v2\/posts\/26637","targetHints":{"allow":["GET"]}}],"collection":[{"href":"https:\/\/mire.gob.pa\/ministerio\/wp-json\/wp\/v2\/posts"}],"about":[{"href":"https:\/\/mire.gob.pa\/ministerio\/wp-json\/wp\/v2\/types\/post"}],"author":[{"embeddable":true,"href":"https:\/\/mire.gob.pa\/ministerio\/wp-json\/wp\/v2\/users\/1"}],"replies":[{"embeddable":true,"href":"https:\/\/mire.gob.pa\/ministerio\/wp-json\/wp\/v2\/comments?post=26637"}],"version-history":[{"count":4,"href":"https:\/\/mire.gob.pa\/ministerio\/wp-json\/wp\/v2\/posts\/26637\/revisions"}],"predecessor-version":[{"id":26686,"href":"https:\/\/mire.gob.pa\/ministerio\/wp-json\/wp\/v2\/posts\/26637\/revisions\/26686"}],"wp:featuredmedia":[{"embeddable":true,"href":"https:\/\/mire.gob.pa\/ministerio\/wp-json\/wp\/v2\/media\/26638"}],"wp:attachment":[{"href":"https:\/\/mire.gob.pa\/ministerio\/wp-json\/wp\/v2\/media?parent=26637"}],"wp:term":[{"taxonomy":"category","embeddable":true,"href":"https:\/\/mire.gob.pa\/ministerio\/wp-json\/wp\/v2\/categories?post=26637"},{"taxonomy":"post_tag","embeddable":true,"href":"https:\/\/mire.gob.pa\/ministerio\/wp-json\/wp\/v2\/tags?post=26637"}],"curies":[{"name":"wp","href":"https:\/\/api.w.org\/{rel}","templated":true}]}}