{"id":26766,"date":"2023-05-03T11:39:54","date_gmt":"2023-05-03T16:39:54","guid":{"rendered":"https:\/\/mire.gob.pa\/ministerio\/?p=26766"},"modified":"2023-08-28T12:04:56","modified_gmt":"2023-08-28T17:04:56","slug":"actividad-de-grulac-para-hablar-de-los-proyectos-de-cada-pais-miembro","status":"publish","type":"post","link":"https:\/\/mire.gob.pa\/ministerio\/actividad-de-grulac-para-hablar-de-los-proyectos-de-cada-pais-miembro\/","title":{"rendered":"ACTIVIDAD DE GRULAC PARA HABLAR DE LOS PROYECTOS DE CADA PA\u00cdS MIEMBRO"},"content":{"rendered":"\t\t<div data-elementor-type=\"wp-post\" data-elementor-id=\"26766\" class=\"elementor elementor-26766\">\n\t\t\t\t\t\t<section class=\"elementor-section elementor-top-section elementor-element elementor-element-6584948 elementor-section-boxed elementor-section-height-default elementor-section-height-default\" data-id=\"6584948\" data-element_type=\"section\" data-e-type=\"section\">\n\t\t\t\t\t\t<div class=\"elementor-container elementor-column-gap-default\">\n\t\t\t\t\t<div class=\"elementor-column elementor-col-100 elementor-top-column elementor-element elementor-element-63b1a5b\" data-id=\"63b1a5b\" data-element_type=\"column\" data-e-type=\"column\">\n\t\t\t<div class=\"elementor-widget-wrap elementor-element-populated\">\n\t\t\t\t\t\t<div class=\"elementor-element elementor-element-2816d95 elementor-widget elementor-widget-text-editor\" data-id=\"2816d95\" data-element_type=\"widget\" data-e-type=\"widget\" data-widget_type=\"text-editor.default\">\n\t\t\t\t<div class=\"elementor-widget-container\">\n\t\t\t\t\t\t\t\t\t<p>La Embajadora de Panam\u00e1 en Colombia ;Liliana Fern\u00e1ndez Puentes tuvo presente el pasado 3 de mayo, en una actividad de los pa\u00edses pertenecientes al GRULAC (Grupo Am\u00e9rica Latina y el Caribe) donde se dieron cita en la Hacienda Yerbabuena del Instituto Caro y Cuervo para hablar de los proyectos que cada pa\u00eds tiene para la promoci\u00f3n del espa\u00f1ol en el mundo, as\u00ed como para la protecci\u00f3n de las lenguas ind\u00edgenas en cada naci\u00f3n. Al encuentro asistieron embajadores, encargados de negocios (ad interim), ministros consejeros y agregados culturales del Paraguay, Panam\u00e1, Argentina, El Salvador, M\u00e9xico, Ecuador, Honduras, Costa Rica, Hait\u00ed, Rep\u00fablica Dominicana, Brasil, Chile y Uruguay. Esto fue posible gracias a la valiosa iniciativa del embajador de la Rep\u00fablica Argentina en Colombia, Gustavo Dzugala, quien le propuso un desayuno de trabajo a Med\u00f3filo Medina, director del Instituto Caro y Cuervo.<\/p>\t\t\t\t\t\t\t\t<\/div>\n\t\t\t\t<\/div>\n\t\t\t\t\t<\/div>\n\t\t<\/div>\n\t\t\t\t\t<\/div>\n\t\t<\/section>\n\t\t\t\t<\/div>\n\t\t","protected":false},"excerpt":{"rendered":"<p>La Embajadora de Panam\u00e1 en Colombia ;Liliana Fern\u00e1ndez Puentes tuvo presente el pasado 3 de mayo, en una actividad de los pa\u00edses pertenecientes al GRULAC (Grupo Am\u00e9rica Latina y el Caribe) donde se dieron cita en la Hacienda Yerbabuena del Instituto Caro y Cuervo para hablar de los proyectos que  [leer m\u00e1s]<\/p>\n","protected":false},"author":1,"featured_media":26767,"comment_status":"open","ping_status":"open","sticky":false,"template":"","format":"standard","meta":{"footnotes":""},"categories":[55],"tags":[],"class_list":["post-26766","post","type-post","status-publish","format-standard","has-post-thumbnail","hentry","category-colombia"],"toolset-meta":{"campos-de-texto":[]},"_links":{"self":[{"href":"https:\/\/mire.gob.pa\/ministerio\/wp-json\/wp\/v2\/posts\/26766","targetHints":{"allow":["GET"]}}],"collection":[{"href":"https:\/\/mire.gob.pa\/ministerio\/wp-json\/wp\/v2\/posts"}],"about":[{"href":"https:\/\/mire.gob.pa\/ministerio\/wp-json\/wp\/v2\/types\/post"}],"author":[{"embeddable":true,"href":"https:\/\/mire.gob.pa\/ministerio\/wp-json\/wp\/v2\/users\/1"}],"replies":[{"embeddable":true,"href":"https:\/\/mire.gob.pa\/ministerio\/wp-json\/wp\/v2\/comments?post=26766"}],"version-history":[{"count":4,"href":"https:\/\/mire.gob.pa\/ministerio\/wp-json\/wp\/v2\/posts\/26766\/revisions"}],"predecessor-version":[{"id":26802,"href":"https:\/\/mire.gob.pa\/ministerio\/wp-json\/wp\/v2\/posts\/26766\/revisions\/26802"}],"wp:featuredmedia":[{"embeddable":true,"href":"https:\/\/mire.gob.pa\/ministerio\/wp-json\/wp\/v2\/media\/26767"}],"wp:attachment":[{"href":"https:\/\/mire.gob.pa\/ministerio\/wp-json\/wp\/v2\/media?parent=26766"}],"wp:term":[{"taxonomy":"category","embeddable":true,"href":"https:\/\/mire.gob.pa\/ministerio\/wp-json\/wp\/v2\/categories?post=26766"},{"taxonomy":"post_tag","embeddable":true,"href":"https:\/\/mire.gob.pa\/ministerio\/wp-json\/wp\/v2\/tags?post=26766"}],"curies":[{"name":"wp","href":"https:\/\/api.w.org\/{rel}","templated":true}]}}