{"id":27750,"date":"2023-10-11T09:02:11","date_gmt":"2023-10-11T14:02:11","guid":{"rendered":"https:\/\/mire.gob.pa\/ministerio\/?p=27750"},"modified":"2023-10-11T09:07:25","modified_gmt":"2023-10-11T14:07:25","slug":"sistema-de-la-integracion-centro-americana-sica","status":"publish","type":"post","link":"https:\/\/mire.gob.pa\/ministerio\/sistema-de-la-integracion-centro-americana-sica\/","title":{"rendered":"Sistema de la Integraci\u00f3n Centro Americana (SICA)"},"content":{"rendered":"\t\t<div data-elementor-type=\"wp-post\" data-elementor-id=\"27750\" class=\"elementor elementor-27750\">\n\t\t\t\t\t\t<section class=\"elementor-section elementor-top-section elementor-element elementor-element-d983887 elementor-section-boxed elementor-section-height-default elementor-section-height-default\" data-id=\"d983887\" data-element_type=\"section\" data-e-type=\"section\">\n\t\t\t\t\t\t<div class=\"elementor-container elementor-column-gap-default\">\n\t\t\t\t\t<div class=\"elementor-column elementor-col-100 elementor-top-column elementor-element elementor-element-7eca53d\" data-id=\"7eca53d\" data-element_type=\"column\" data-e-type=\"column\">\n\t\t\t<div class=\"elementor-widget-wrap elementor-element-populated\">\n\t\t\t\t\t\t<div class=\"elementor-element elementor-element-acc3e08 elementor-widget elementor-widget-text-editor\" data-id=\"acc3e08\" data-element_type=\"widget\" data-e-type=\"widget\" data-widget_type=\"text-editor.default\">\n\t\t\t\t<div class=\"elementor-widget-container\">\n\t\t\t\t\t\t\t\t\t<p>Sistema de la Integraci\u00f3n Centro Americana (SICA), sostuvo a petici\u00f3n de El Salvador que tiene la Presidencia Pro Tempore una reuni\u00f3n con Canciller\u00eda Colombia, para presentar el programa de trabajo del segundo semestre del 2023 donde se destacan temas acad\u00e9micos, culturales, de turismo, emprendimientos y actividades comerciales, en compa\u00f1\u00eda de los Embajadores de los pa\u00edses miembros \ud83c\uddf8\ud83c\uddfb\ud83c\udde8\ud83c\uddf7\ud83c\uddec\ud83c\uddf9\ud83c\udded\ud83c\uddf3\ud83c\uddf3\ud83c\uddee\ud83c\uddf5\ud83c\udde6<\/p>\t\t\t\t\t\t\t\t<\/div>\n\t\t\t\t<\/div>\n\t\t\t\t\t<\/div>\n\t\t<\/div>\n\t\t\t\t\t<\/div>\n\t\t<\/section>\n\t\t\t\t<\/div>\n\t\t","protected":false},"excerpt":{"rendered":"","protected":false},"author":1,"featured_media":27751,"comment_status":"open","ping_status":"open","sticky":false,"template":"","format":"standard","meta":{"footnotes":""},"categories":[55],"tags":[],"class_list":["post-27750","post","type-post","status-publish","format-standard","has-post-thumbnail","hentry","category-colombia"],"toolset-meta":{"campos-de-texto":[]},"_links":{"self":[{"href":"https:\/\/mire.gob.pa\/ministerio\/wp-json\/wp\/v2\/posts\/27750","targetHints":{"allow":["GET"]}}],"collection":[{"href":"https:\/\/mire.gob.pa\/ministerio\/wp-json\/wp\/v2\/posts"}],"about":[{"href":"https:\/\/mire.gob.pa\/ministerio\/wp-json\/wp\/v2\/types\/post"}],"author":[{"embeddable":true,"href":"https:\/\/mire.gob.pa\/ministerio\/wp-json\/wp\/v2\/users\/1"}],"replies":[{"embeddable":true,"href":"https:\/\/mire.gob.pa\/ministerio\/wp-json\/wp\/v2\/comments?post=27750"}],"version-history":[{"count":5,"href":"https:\/\/mire.gob.pa\/ministerio\/wp-json\/wp\/v2\/posts\/27750\/revisions"}],"predecessor-version":[{"id":27760,"href":"https:\/\/mire.gob.pa\/ministerio\/wp-json\/wp\/v2\/posts\/27750\/revisions\/27760"}],"wp:featuredmedia":[{"embeddable":true,"href":"https:\/\/mire.gob.pa\/ministerio\/wp-json\/wp\/v2\/media\/27751"}],"wp:attachment":[{"href":"https:\/\/mire.gob.pa\/ministerio\/wp-json\/wp\/v2\/media?parent=27750"}],"wp:term":[{"taxonomy":"category","embeddable":true,"href":"https:\/\/mire.gob.pa\/ministerio\/wp-json\/wp\/v2\/categories?post=27750"},{"taxonomy":"post_tag","embeddable":true,"href":"https:\/\/mire.gob.pa\/ministerio\/wp-json\/wp\/v2\/tags?post=27750"}],"curies":[{"name":"wp","href":"https:\/\/api.w.org\/{rel}","templated":true}]}}