{"id":28479,"date":"2023-11-15T08:47:12","date_gmt":"2023-11-15T13:47:12","guid":{"rendered":"https:\/\/mire.gob.pa\/ministerio\/?p=28479"},"modified":"2023-11-30T08:54:02","modified_gmt":"2023-11-30T13:54:02","slug":"celebracion-de-las-fiestas-patrias-en-el-colegio-republica-de-panama","status":"publish","type":"post","link":"https:\/\/mire.gob.pa\/ministerio\/celebracion-de-las-fiestas-patrias-en-el-colegio-republica-de-panama\/","title":{"rendered":"CELEBRACI\u00d3N DE LAS FIESTAS PATRIAS EN EL COLEGIO REP\u00daBLICA DE PANAM\u00c1"},"content":{"rendered":"\t\t<div data-elementor-type=\"wp-post\" data-elementor-id=\"28479\" class=\"elementor elementor-28479\">\n\t\t\t\t\t\t<section class=\"elementor-section elementor-top-section elementor-element elementor-element-be3e0e5 elementor-section-boxed elementor-section-height-default elementor-section-height-default\" data-id=\"be3e0e5\" data-element_type=\"section\" data-e-type=\"section\">\n\t\t\t\t\t\t<div class=\"elementor-container elementor-column-gap-default\">\n\t\t\t\t\t<div class=\"elementor-column elementor-col-100 elementor-top-column elementor-element elementor-element-b7d3a28\" data-id=\"b7d3a28\" data-element_type=\"column\" data-e-type=\"column\">\n\t\t\t<div class=\"elementor-widget-wrap elementor-element-populated\">\n\t\t\t\t\t\t<div class=\"elementor-element elementor-element-ea8e199 elementor-widget elementor-widget-text-editor\" data-id=\"ea8e199\" data-element_type=\"widget\" data-e-type=\"widget\" data-widget_type=\"text-editor.default\">\n\t\t\t\t<div class=\"elementor-widget-container\">\n\t\t\t\t\t\t\t\t\t<p>El colegio Rep\u00fablica de Panam\u00e1 en la cuidad de Bogot\u00e1 realizo una series de actividades alusivas a nuestro pa\u00eds en el marco de la celebraci\u00f3n de las fiestas patrias, contando con la presencia de la Embajadora Liliana Fern\u00e1ndez Puentes, quien tuvo la oportunidad de compartir experiencias art\u00edsticas e hist\u00f3ricas de nuestro Panam\u00e1.<\/p>\t\t\t\t\t\t\t\t<\/div>\n\t\t\t\t<\/div>\n\t\t\t\t\t<\/div>\n\t\t<\/div>\n\t\t\t\t\t<\/div>\n\t\t<\/section>\n\t\t\t\t<\/div>\n\t\t","protected":false},"excerpt":{"rendered":"<p>El colegio Rep\u00fablica de Panam\u00e1 en la cuidad de Bogot\u00e1 realizo una series de actividades alusivas a nuestro pa\u00eds en el marco de la celebraci\u00f3n de las fiestas patrias, contando con la presencia de la Embajadora Liliana Fern\u00e1ndez Puentes, quien tuvo la oportunidad de compartir experiencias art\u00edsticas e hist\u00f3ricas de  [leer m\u00e1s]<\/p>\n","protected":false},"author":1,"featured_media":28483,"comment_status":"open","ping_status":"open","sticky":false,"template":"","format":"standard","meta":{"footnotes":""},"categories":[55],"tags":[],"class_list":["post-28479","post","type-post","status-publish","format-standard","has-post-thumbnail","hentry","category-colombia"],"toolset-meta":{"campos-de-texto":[]},"_links":{"self":[{"href":"https:\/\/mire.gob.pa\/ministerio\/wp-json\/wp\/v2\/posts\/28479","targetHints":{"allow":["GET"]}}],"collection":[{"href":"https:\/\/mire.gob.pa\/ministerio\/wp-json\/wp\/v2\/posts"}],"about":[{"href":"https:\/\/mire.gob.pa\/ministerio\/wp-json\/wp\/v2\/types\/post"}],"author":[{"embeddable":true,"href":"https:\/\/mire.gob.pa\/ministerio\/wp-json\/wp\/v2\/users\/1"}],"replies":[{"embeddable":true,"href":"https:\/\/mire.gob.pa\/ministerio\/wp-json\/wp\/v2\/comments?post=28479"}],"version-history":[{"count":4,"href":"https:\/\/mire.gob.pa\/ministerio\/wp-json\/wp\/v2\/posts\/28479\/revisions"}],"predecessor-version":[{"id":28487,"href":"https:\/\/mire.gob.pa\/ministerio\/wp-json\/wp\/v2\/posts\/28479\/revisions\/28487"}],"wp:featuredmedia":[{"embeddable":true,"href":"https:\/\/mire.gob.pa\/ministerio\/wp-json\/wp\/v2\/media\/28483"}],"wp:attachment":[{"href":"https:\/\/mire.gob.pa\/ministerio\/wp-json\/wp\/v2\/media?parent=28479"}],"wp:term":[{"taxonomy":"category","embeddable":true,"href":"https:\/\/mire.gob.pa\/ministerio\/wp-json\/wp\/v2\/categories?post=28479"},{"taxonomy":"post_tag","embeddable":true,"href":"https:\/\/mire.gob.pa\/ministerio\/wp-json\/wp\/v2\/tags?post=28479"}],"curies":[{"name":"wp","href":"https:\/\/api.w.org\/{rel}","templated":true}]}}