{"id":28565,"date":"2023-12-05T06:07:00","date_gmt":"2023-12-05T11:07:00","guid":{"rendered":"https:\/\/mire.gob.pa\/ministerio\/?p=28565"},"modified":"2023-12-05T06:07:00","modified_gmt":"2023-12-05T11:07:00","slug":"develacion-de-placa","status":"publish","type":"post","link":"https:\/\/mire.gob.pa\/ministerio\/develacion-de-placa\/","title":{"rendered":"DEVELACI\u00d3N DE PLACA"},"content":{"rendered":"<p>Durante el evento de develaci\u00f3n de placa, alusiva a la independencia de Panam\u00e1 de Espa\u00f1a, el Embajador de Panam\u00e1 en Lisboa, entreg\u00f3 un Pergamino de Reconocimiento a S.S. Elida Garc\u00eda de Paredes, por servir con dedicaci\u00f3n y profesionalismo en el Servicio Exterior.<\/p>\n<p>A la actividad asistieron autoridades de la Presidencia de la Rep\u00fablica Portuguesa, del Ministerio de Negocios Extranjeros y del Municipio de Lisboa; adem\u00e1s de Representantes de las diferentes Embajadas acreditadas en el pa\u00eds ib\u00e9rico.<\/p>\n<p>Es la primera vez que Panam\u00e1 cuenta en Portugal con un lugar alusivo a su independencia y eso se logr\u00f3 en colaboraci\u00f3n del Presidente de la C\u00e1mara Municipal de Lisboa, el H.S. Carlos Moedas.<br \/>\nViva la amistad entre Panam\u00e1 y Portugal.<\/p>\n","protected":false},"excerpt":{"rendered":"<p>Durante el evento de develaci\u00f3n de placa, alusiva a la independencia de Panam\u00e1 de Espa\u00f1a, el Embajador de Panam\u00e1 en Lisboa, entreg\u00f3 un Pergamino de Reconocimiento a S.S. Elida Garc\u00eda de Paredes, por servir con dedicaci\u00f3n y profesionalismo en el Servicio Exterior. A la actividad asistieron autoridades de la Presidencia  [leer m\u00e1s]<\/p>\n","protected":false},"author":1,"featured_media":28566,"comment_status":"open","ping_status":"open","sticky":false,"template":"","format":"standard","meta":{"footnotes":""},"categories":[24],"tags":[],"class_list":["post-28565","post","type-post","status-publish","format-standard","has-post-thumbnail","hentry","category-portugal"],"toolset-meta":{"campos-de-texto":[]},"_links":{"self":[{"href":"https:\/\/mire.gob.pa\/ministerio\/wp-json\/wp\/v2\/posts\/28565","targetHints":{"allow":["GET"]}}],"collection":[{"href":"https:\/\/mire.gob.pa\/ministerio\/wp-json\/wp\/v2\/posts"}],"about":[{"href":"https:\/\/mire.gob.pa\/ministerio\/wp-json\/wp\/v2\/types\/post"}],"author":[{"embeddable":true,"href":"https:\/\/mire.gob.pa\/ministerio\/wp-json\/wp\/v2\/users\/1"}],"replies":[{"embeddable":true,"href":"https:\/\/mire.gob.pa\/ministerio\/wp-json\/wp\/v2\/comments?post=28565"}],"version-history":[{"count":1,"href":"https:\/\/mire.gob.pa\/ministerio\/wp-json\/wp\/v2\/posts\/28565\/revisions"}],"predecessor-version":[{"id":28572,"href":"https:\/\/mire.gob.pa\/ministerio\/wp-json\/wp\/v2\/posts\/28565\/revisions\/28572"}],"wp:featuredmedia":[{"embeddable":true,"href":"https:\/\/mire.gob.pa\/ministerio\/wp-json\/wp\/v2\/media\/28566"}],"wp:attachment":[{"href":"https:\/\/mire.gob.pa\/ministerio\/wp-json\/wp\/v2\/media?parent=28565"}],"wp:term":[{"taxonomy":"category","embeddable":true,"href":"https:\/\/mire.gob.pa\/ministerio\/wp-json\/wp\/v2\/categories?post=28565"},{"taxonomy":"post_tag","embeddable":true,"href":"https:\/\/mire.gob.pa\/ministerio\/wp-json\/wp\/v2\/tags?post=28565"}],"curies":[{"name":"wp","href":"https:\/\/api.w.org\/{rel}","templated":true}]}}