{"id":29147,"date":"2024-01-29T11:07:16","date_gmt":"2024-01-29T16:07:16","guid":{"rendered":"https:\/\/mire.gob.pa\/ministerio\/?p=29147"},"modified":"2024-01-29T11:07:16","modified_gmt":"2024-01-29T16:07:16","slug":"visita-a-cabo-verde","status":"publish","type":"post","link":"https:\/\/mire.gob.pa\/ministerio\/visita-a-cabo-verde\/","title":{"rendered":"Visita a Cabo Verde"},"content":{"rendered":"<p>EL Embajador Pablo Garrido particip\u00f3 de una actividad organizada por la Ministra de Salud de Cabo Verde, Filomena Gon\u00e7alves; el Primer Ministro caboverdiano; y el Director de la OMS, en el marco del lanzamiento del a\u00f1o 2024 dedicado a la Salud Mental, que busca sensibilizar a la poblaci\u00f3n y autoridades caboverdianas a tratar y hablar de los problemas de la salud mental.<\/p>\n<p>Los casos se han incrementado, especialmente durante y despu\u00e9s de la COVID-19.<\/p>\n<p>La campa\u00f1a busca luchar contra el estigmatismo y el tab\u00fa a la hora de tratar el tema de la salud mental.<\/p>\n<p>En la actividad cont\u00f3 con la presencia del Ministro adjunto del Primer Ministro para la Juventud y el Deporte, S.E. Carlos Monteiro, la Embajadora caboverdiana ante la OMS, S. E. Clara Delgado, miembros del gobierno caboverdiano entre otros.<\/p>\n","protected":false},"excerpt":{"rendered":"<p>EL Embajador Pablo Garrido particip\u00f3 de una actividad organizada por la Ministra de Salud de Cabo Verde, Filomena Gon\u00e7alves; el Primer Ministro caboverdiano; y el Director de la OMS, en el marco del lanzamiento del a\u00f1o 2024 dedicado a la Salud Mental, que busca sensibilizar a la poblaci\u00f3n y autoridades  [leer m\u00e1s]<\/p>\n","protected":false},"author":1,"featured_media":29152,"comment_status":"open","ping_status":"open","sticky":false,"template":"","format":"standard","meta":{"footnotes":""},"categories":[24],"tags":[],"class_list":["post-29147","post","type-post","status-publish","format-standard","has-post-thumbnail","hentry","category-portugal"],"toolset-meta":{"campos-de-texto":[]},"_links":{"self":[{"href":"https:\/\/mire.gob.pa\/ministerio\/wp-json\/wp\/v2\/posts\/29147","targetHints":{"allow":["GET"]}}],"collection":[{"href":"https:\/\/mire.gob.pa\/ministerio\/wp-json\/wp\/v2\/posts"}],"about":[{"href":"https:\/\/mire.gob.pa\/ministerio\/wp-json\/wp\/v2\/types\/post"}],"author":[{"embeddable":true,"href":"https:\/\/mire.gob.pa\/ministerio\/wp-json\/wp\/v2\/users\/1"}],"replies":[{"embeddable":true,"href":"https:\/\/mire.gob.pa\/ministerio\/wp-json\/wp\/v2\/comments?post=29147"}],"version-history":[{"count":1,"href":"https:\/\/mire.gob.pa\/ministerio\/wp-json\/wp\/v2\/posts\/29147\/revisions"}],"predecessor-version":[{"id":29154,"href":"https:\/\/mire.gob.pa\/ministerio\/wp-json\/wp\/v2\/posts\/29147\/revisions\/29154"}],"wp:featuredmedia":[{"embeddable":true,"href":"https:\/\/mire.gob.pa\/ministerio\/wp-json\/wp\/v2\/media\/29152"}],"wp:attachment":[{"href":"https:\/\/mire.gob.pa\/ministerio\/wp-json\/wp\/v2\/media?parent=29147"}],"wp:term":[{"taxonomy":"category","embeddable":true,"href":"https:\/\/mire.gob.pa\/ministerio\/wp-json\/wp\/v2\/categories?post=29147"},{"taxonomy":"post_tag","embeddable":true,"href":"https:\/\/mire.gob.pa\/ministerio\/wp-json\/wp\/v2\/tags?post=29147"}],"curies":[{"name":"wp","href":"https:\/\/api.w.org\/{rel}","templated":true}]}}