{"id":30318,"date":"2024-06-03T09:45:57","date_gmt":"2024-06-03T14:45:57","guid":{"rendered":"https:\/\/mire.gob.pa\/ministerio\/?p=30318"},"modified":"2024-06-03T09:49:47","modified_gmt":"2024-06-03T14:49:47","slug":"30318-2","status":"publish","type":"post","link":"https:\/\/mire.gob.pa\/ministerio\/30318-2\/","title":{"rendered":"Almuerzo ofrecido por el Presidente de la Rep\u00fablica Portuguesa,  Excelent\u00edsimo Se\u00f1or Marcelo Rebelo de Sousa al GRULAC-Lisboa"},"content":{"rendered":"<div class=\"fusion-fullwidth fullwidth-box fusion-builder-row-1 fusion-flex-container nonhundred-percent-fullwidth non-hundred-percent-height-scrolling\" style=\"--awb-border-radius-top-left:0px;--awb-border-radius-top-right:0px;--awb-border-radius-bottom-right:0px;--awb-border-radius-bottom-left:0px;--awb-flex-wrap:wrap;\" ><div class=\"fusion-builder-row fusion-row fusion-flex-align-items-flex-start fusion-flex-content-wrap\" style=\"max-width:1248px;margin-left: calc(-4% \/ 2 );margin-right: calc(-4% \/ 2 );\"><div class=\"fusion-layout-column fusion_builder_column fusion-builder-column-0 fusion_builder_column_1_1 1_1 fusion-flex-column\" style=\"--awb-bg-size:cover;--awb-width-large:100%;--awb-margin-top-large:0px;--awb-spacing-right-large:1.92%;--awb-margin-bottom-large:0px;--awb-spacing-left-large:1.92%;--awb-width-medium:100%;--awb-spacing-right-medium:1.92%;--awb-spacing-left-medium:1.92%;--awb-width-small:100%;--awb-spacing-right-small:1.92%;--awb-spacing-left-small:1.92%;\"><div class=\"fusion-column-wrapper fusion-flex-justify-content-flex-start fusion-content-layout-column\"><div class=\"fusion-text fusion-text-1\"><p>Como resultado de las gestiones realizadas por el Embajador de Panam\u00e1 en Portugal, S.E. <strong>Pablo Garrido A<\/strong>., Decano del Grupo de Embajadores Latinoamericanos (GRULAC-Lisboa), se llev\u00f3 a cabo un encuentro entre los Embajadores del GRULAC-Lisboa y el Presidente de Portugal, a trav\u00e9s de un almuerzo ofrecido por el Jefe del Estado portugu\u00e9s, Excelent\u00edsimo Se\u00f1or <strong>Marcelo Rebelo de Sousa<\/strong>, el 22 de febrero de 2024, en el Palacio de Bel\u00e9m, en honor a los Embajadores del GRULAC acreditados en Portugal.<\/p>\n<p>Durante el encuentro, el Jefe de Estado portugu\u00e9s habl\u00f3 de la realidad pol\u00edtica, econ\u00f3mica y social del pa\u00eds ib\u00e9rico.<\/p>\n<p>Por parte de los Embajadores, le correspondi\u00f3 a S.E. <strong>Pablo Garrido A.<\/strong> en su calidad de Decano, agradecer por la hospitalidad del Presidente luso y augur\u00f3 que este sea el primero de otros encuentros que facilitan el di\u00e1logo entre los Embajadores de Am\u00e9rica Latina y el Caribe con el Presidente luso.<\/p>\n<p>Este encuentro acerca a Am\u00e9rica Latina con la Rep\u00fablica Portuguesa y contribuir\u00e1 a incrementar nuevas acciones para continuar la din\u00e1mica del fortalecimiento de las relaciones diplom\u00e1ticas entre ambos pa\u00edses.<\/p>\n<p>Portugal se ha consolidado en el mundo como una naci\u00f3n pac\u00edfica con altos est\u00e1ndares de democracia, humanismo, respeto a los derechos humanos y solidaridad. El 25 de abril de este a\u00f1o celebra juntos 50 a\u00f1os desde el restablecimiento de la democracia portuguesa.<\/p>\n<\/div><\/div><\/div><\/div><\/div>\n","protected":false},"excerpt":{"rendered":"","protected":false},"author":1,"featured_media":30319,"comment_status":"open","ping_status":"open","sticky":false,"template":"","format":"standard","meta":{"footnotes":""},"categories":[24],"tags":[],"class_list":["post-30318","post","type-post","status-publish","format-standard","has-post-thumbnail","hentry","category-portugal"],"toolset-meta":{"campos-de-texto":[]},"_links":{"self":[{"href":"https:\/\/mire.gob.pa\/ministerio\/wp-json\/wp\/v2\/posts\/30318","targetHints":{"allow":["GET"]}}],"collection":[{"href":"https:\/\/mire.gob.pa\/ministerio\/wp-json\/wp\/v2\/posts"}],"about":[{"href":"https:\/\/mire.gob.pa\/ministerio\/wp-json\/wp\/v2\/types\/post"}],"author":[{"embeddable":true,"href":"https:\/\/mire.gob.pa\/ministerio\/wp-json\/wp\/v2\/users\/1"}],"replies":[{"embeddable":true,"href":"https:\/\/mire.gob.pa\/ministerio\/wp-json\/wp\/v2\/comments?post=30318"}],"version-history":[{"count":3,"href":"https:\/\/mire.gob.pa\/ministerio\/wp-json\/wp\/v2\/posts\/30318\/revisions"}],"predecessor-version":[{"id":30321,"href":"https:\/\/mire.gob.pa\/ministerio\/wp-json\/wp\/v2\/posts\/30318\/revisions\/30321"}],"wp:featuredmedia":[{"embeddable":true,"href":"https:\/\/mire.gob.pa\/ministerio\/wp-json\/wp\/v2\/media\/30319"}],"wp:attachment":[{"href":"https:\/\/mire.gob.pa\/ministerio\/wp-json\/wp\/v2\/media?parent=30318"}],"wp:term":[{"taxonomy":"category","embeddable":true,"href":"https:\/\/mire.gob.pa\/ministerio\/wp-json\/wp\/v2\/categories?post=30318"},{"taxonomy":"post_tag","embeddable":true,"href":"https:\/\/mire.gob.pa\/ministerio\/wp-json\/wp\/v2\/tags?post=30318"}],"curies":[{"name":"wp","href":"https:\/\/api.w.org\/{rel}","templated":true}]}}