{"id":30323,"date":"2024-06-04T08:46:31","date_gmt":"2024-06-04T13:46:31","guid":{"rendered":"https:\/\/mire.gob.pa\/ministerio\/?p=30323"},"modified":"2024-06-04T08:46:31","modified_gmt":"2024-06-04T13:46:31","slug":"visita-oficial-de-s-e-pablo-garrido-arauz-a-la-republica-de-guinea-bissau","status":"publish","type":"post","link":"https:\/\/mire.gob.pa\/ministerio\/visita-oficial-de-s-e-pablo-garrido-arauz-a-la-republica-de-guinea-bissau\/","title":{"rendered":"Visita Oficial de S.E. Pablo Garrido Ara\u00faz, a la Rep\u00fablica de Guinea-Bissau"},"content":{"rendered":"<p>Visita de trabajo realizada por S.E. <strong>Pablo Garrido A.<\/strong> con miras a acercar a Panam\u00e1 y \u00c1frica, con la finalidad de tener presencia en el continente a trav\u00e9s de la cooperaci\u00f3n en campos como: diplom\u00e1tico, pol\u00edtico, agricultura, portuario, log\u00edstica, educaci\u00f3n y cultura.<\/p>\n<p>Adem\u00e1s, para promover la candidatura de Panam\u00e1, como Miembro No Permanente del Consejo de Seguridad, ante las Naciones Unidas, para el periodo 2025-2026.<\/p>\n","protected":false},"excerpt":{"rendered":"<p>Visita de trabajo realizada por S.E. Pablo Garrido A. con miras a acercar a Panam\u00e1 y \u00c1frica, con la finalidad de tener presencia en el continente a trav\u00e9s de la cooperaci\u00f3n en campos como: diplom\u00e1tico, pol\u00edtico, agricultura, portuario, log\u00edstica, educaci\u00f3n y cultura. Adem\u00e1s, para promover la candidatura de Panam\u00e1, como  [leer m\u00e1s]<\/p>\n","protected":false},"author":1,"featured_media":30324,"comment_status":"open","ping_status":"open","sticky":false,"template":"","format":"standard","meta":{"footnotes":""},"categories":[24],"tags":[],"class_list":["post-30323","post","type-post","status-publish","format-standard","has-post-thumbnail","hentry","category-portugal"],"toolset-meta":{"campos-de-texto":[]},"_links":{"self":[{"href":"https:\/\/mire.gob.pa\/ministerio\/wp-json\/wp\/v2\/posts\/30323","targetHints":{"allow":["GET"]}}],"collection":[{"href":"https:\/\/mire.gob.pa\/ministerio\/wp-json\/wp\/v2\/posts"}],"about":[{"href":"https:\/\/mire.gob.pa\/ministerio\/wp-json\/wp\/v2\/types\/post"}],"author":[{"embeddable":true,"href":"https:\/\/mire.gob.pa\/ministerio\/wp-json\/wp\/v2\/users\/1"}],"replies":[{"embeddable":true,"href":"https:\/\/mire.gob.pa\/ministerio\/wp-json\/wp\/v2\/comments?post=30323"}],"version-history":[{"count":5,"href":"https:\/\/mire.gob.pa\/ministerio\/wp-json\/wp\/v2\/posts\/30323\/revisions"}],"predecessor-version":[{"id":30332,"href":"https:\/\/mire.gob.pa\/ministerio\/wp-json\/wp\/v2\/posts\/30323\/revisions\/30332"}],"wp:featuredmedia":[{"embeddable":true,"href":"https:\/\/mire.gob.pa\/ministerio\/wp-json\/wp\/v2\/media\/30324"}],"wp:attachment":[{"href":"https:\/\/mire.gob.pa\/ministerio\/wp-json\/wp\/v2\/media?parent=30323"}],"wp:term":[{"taxonomy":"category","embeddable":true,"href":"https:\/\/mire.gob.pa\/ministerio\/wp-json\/wp\/v2\/categories?post=30323"},{"taxonomy":"post_tag","embeddable":true,"href":"https:\/\/mire.gob.pa\/ministerio\/wp-json\/wp\/v2\/tags?post=30323"}],"curies":[{"name":"wp","href":"https:\/\/api.w.org\/{rel}","templated":true}]}}