{"id":30598,"date":"2024-06-24T09:34:42","date_gmt":"2024-06-24T14:34:42","guid":{"rendered":"https:\/\/mire.gob.pa\/ministerio\/?p=30598"},"modified":"2024-07-11T08:17:10","modified_gmt":"2024-07-11T13:17:10","slug":"almuerzo-empresarial-en-la-villa-de-moncao-distrito-de-viana-de-castelo-al-norte-de-portugal","status":"publish","type":"post","link":"https:\/\/mire.gob.pa\/ministerio\/almuerzo-empresarial-en-la-villa-de-moncao-distrito-de-viana-de-castelo-al-norte-de-portugal\/","title":{"rendered":"Almuerzo Empresarial en La Villa De Mon\u00e7\u00e3o, Distrito de Viana de Castelo al Norte de Portugal"},"content":{"rendered":"<div class=\"fusion-fullwidth fullwidth-box fusion-builder-row-1 fusion-flex-container nonhundred-percent-fullwidth non-hundred-percent-height-scrolling\" style=\"--awb-border-radius-top-left:0px;--awb-border-radius-top-right:0px;--awb-border-radius-bottom-right:0px;--awb-border-radius-bottom-left:0px;--awb-flex-wrap:wrap;\" ><div class=\"fusion-builder-row fusion-row fusion-flex-align-items-flex-start fusion-flex-content-wrap\" style=\"max-width:1248px;margin-left: calc(-4% \/ 2 );margin-right: calc(-4% \/ 2 );\"><div class=\"fusion-layout-column fusion_builder_column fusion-builder-column-0 fusion_builder_column_1_1 1_1 fusion-flex-column\" style=\"--awb-bg-size:cover;--awb-width-large:100%;--awb-margin-top-large:0px;--awb-spacing-right-large:1.92%;--awb-margin-bottom-large:0px;--awb-spacing-left-large:1.92%;--awb-width-medium:100%;--awb-spacing-right-medium:1.92%;--awb-spacing-left-medium:1.92%;--awb-width-small:100%;--awb-spacing-right-small:1.92%;--awb-spacing-left-small:1.92%;\"><div class=\"fusion-column-wrapper fusion-flex-justify-content-flex-start fusion-content-layout-column\"><div class=\"fusion-text fusion-text-1\"><p>El Embajador de Panam\u00e1 en Portugal S.E. <strong>Pablo Garrido<\/strong> <strong>A.<\/strong> y S.S. <strong>Analissa Borrero Gonz\u00e1lez<\/strong>, Primera Consejera de Carrera Diplom\u00e1tica y Consular, participaron en un almuerzo de trabajo en la Villa de Mon\u00e7\u00e3o, distrito de Viana de Castelo, Norte de Portugal, con la finalidad de reunirse con empresarios portugueses del \u00e1rea para promover los intercambios comerciales entre ambos pa\u00edses, dando a conocer las oportunidades de negocios e inversi\u00f3n que ofrece Panam\u00e1.<\/p>\n<\/div><\/div><\/div><\/div><\/div>\n","protected":false},"excerpt":{"rendered":"","protected":false},"author":1,"featured_media":30604,"comment_status":"open","ping_status":"open","sticky":false,"template":"","format":"standard","meta":{"footnotes":""},"categories":[24],"tags":[],"class_list":["post-30598","post","type-post","status-publish","format-standard","has-post-thumbnail","hentry","category-portugal"],"toolset-meta":{"campos-de-texto":[]},"_links":{"self":[{"href":"https:\/\/mire.gob.pa\/ministerio\/wp-json\/wp\/v2\/posts\/30598","targetHints":{"allow":["GET"]}}],"collection":[{"href":"https:\/\/mire.gob.pa\/ministerio\/wp-json\/wp\/v2\/posts"}],"about":[{"href":"https:\/\/mire.gob.pa\/ministerio\/wp-json\/wp\/v2\/types\/post"}],"author":[{"embeddable":true,"href":"https:\/\/mire.gob.pa\/ministerio\/wp-json\/wp\/v2\/users\/1"}],"replies":[{"embeddable":true,"href":"https:\/\/mire.gob.pa\/ministerio\/wp-json\/wp\/v2\/comments?post=30598"}],"version-history":[{"count":3,"href":"https:\/\/mire.gob.pa\/ministerio\/wp-json\/wp\/v2\/posts\/30598\/revisions"}],"predecessor-version":[{"id":30830,"href":"https:\/\/mire.gob.pa\/ministerio\/wp-json\/wp\/v2\/posts\/30598\/revisions\/30830"}],"wp:featuredmedia":[{"embeddable":true,"href":"https:\/\/mire.gob.pa\/ministerio\/wp-json\/wp\/v2\/media\/30604"}],"wp:attachment":[{"href":"https:\/\/mire.gob.pa\/ministerio\/wp-json\/wp\/v2\/media?parent=30598"}],"wp:term":[{"taxonomy":"category","embeddable":true,"href":"https:\/\/mire.gob.pa\/ministerio\/wp-json\/wp\/v2\/categories?post=30598"},{"taxonomy":"post_tag","embeddable":true,"href":"https:\/\/mire.gob.pa\/ministerio\/wp-json\/wp\/v2\/tags?post=30598"}],"curies":[{"name":"wp","href":"https:\/\/api.w.org\/{rel}","templated":true}]}}