{"id":31925,"date":"2024-12-06T10:07:52","date_gmt":"2024-12-06T15:07:52","guid":{"rendered":"https:\/\/mire.gob.pa\/ministerio\/?p=31925"},"modified":"2025-02-07T10:10:31","modified_gmt":"2025-02-07T15:10:31","slug":"el-embajador-mario-boyd-galindo-y-la-sra-claudia-garcia-directora-del-jardin-botanico-de-medellin","status":"publish","type":"post","link":"https:\/\/mire.gob.pa\/ministerio\/el-embajador-mario-boyd-galindo-y-la-sra-claudia-garcia-directora-del-jardin-botanico-de-medellin\/","title":{"rendered":"El Embajador Mario Boyd Galindo y la Sra. Claudia Garc\u00eda, directora del Jard\u00edn Bot\u00e1nico de Medell\u00edn"},"content":{"rendered":"<p>El Embajador Mario Boyd Galindo y la Sra. Claudia Garc\u00eda, directora del Jard\u00edn Bot\u00e1nico de Medellin, realizaron un animado recorrido por las instalaciones del parque, a fin de explorar la enorme riqueza botanica que alberga m\u00e1s de 100 especies vivas y centro de investigaci\u00f3n cient\u00edfica, asi como dialogar sobre posibles temas de cooperaci\u00f3n para crear alianza en educaci\u00f3n ambiental.<\/p>\n","protected":false},"excerpt":{"rendered":"<p>El Embajador Mario Boyd Galindo y la Sra. Claudia Garc\u00eda, directora del Jard\u00edn Bot\u00e1nico de Medellin, realizaron un animado recorrido por las instalaciones del parque, a fin de explorar la enorme riqueza botanica que alberga m\u00e1s de 100 especies vivas y centro de investigaci\u00f3n cient\u00edfica, asi como dialogar sobre posibles  [leer m\u00e1s]<\/p>\n","protected":false},"author":1,"featured_media":31926,"comment_status":"open","ping_status":"open","sticky":false,"template":"","format":"standard","meta":{"footnotes":""},"categories":[55],"tags":[],"class_list":["post-31925","post","type-post","status-publish","format-standard","has-post-thumbnail","hentry","category-colombia"],"toolset-meta":{"campos-de-texto":[]},"_links":{"self":[{"href":"https:\/\/mire.gob.pa\/ministerio\/wp-json\/wp\/v2\/posts\/31925","targetHints":{"allow":["GET"]}}],"collection":[{"href":"https:\/\/mire.gob.pa\/ministerio\/wp-json\/wp\/v2\/posts"}],"about":[{"href":"https:\/\/mire.gob.pa\/ministerio\/wp-json\/wp\/v2\/types\/post"}],"author":[{"embeddable":true,"href":"https:\/\/mire.gob.pa\/ministerio\/wp-json\/wp\/v2\/users\/1"}],"replies":[{"embeddable":true,"href":"https:\/\/mire.gob.pa\/ministerio\/wp-json\/wp\/v2\/comments?post=31925"}],"version-history":[{"count":1,"href":"https:\/\/mire.gob.pa\/ministerio\/wp-json\/wp\/v2\/posts\/31925\/revisions"}],"predecessor-version":[{"id":31929,"href":"https:\/\/mire.gob.pa\/ministerio\/wp-json\/wp\/v2\/posts\/31925\/revisions\/31929"}],"wp:featuredmedia":[{"embeddable":true,"href":"https:\/\/mire.gob.pa\/ministerio\/wp-json\/wp\/v2\/media\/31926"}],"wp:attachment":[{"href":"https:\/\/mire.gob.pa\/ministerio\/wp-json\/wp\/v2\/media?parent=31925"}],"wp:term":[{"taxonomy":"category","embeddable":true,"href":"https:\/\/mire.gob.pa\/ministerio\/wp-json\/wp\/v2\/categories?post=31925"},{"taxonomy":"post_tag","embeddable":true,"href":"https:\/\/mire.gob.pa\/ministerio\/wp-json\/wp\/v2\/tags?post=31925"}],"curies":[{"name":"wp","href":"https:\/\/api.w.org\/{rel}","templated":true}]}}