{"id":31951,"date":"2025-01-21T14:07:45","date_gmt":"2025-01-21T19:07:45","guid":{"rendered":"https:\/\/mire.gob.pa\/ministerio\/?p=31951"},"modified":"2025-02-07T14:10:09","modified_gmt":"2025-02-07T19:10:09","slug":"agenda-de-visitas-de-cortesia-al-cuerpo-diplomatico","status":"publish","type":"post","link":"https:\/\/mire.gob.pa\/ministerio\/agenda-de-visitas-de-cortesia-al-cuerpo-diplomatico\/","title":{"rendered":"Agenda de visitas de cortes\u00eda al cuerpo diplom\u00e1tico"},"content":{"rendered":"<p>Su Excelencia Mario Boyd Galindo, inici\u00f3 su agenda de visitas de cortes\u00eda al cuerpo diplom\u00e1tico acreditado en Colombia, con el Reverend\u00edsimo se\u00f1or Paolo Rudelli, Nuncio Apost\u00f3lico de Su Santidad en Colombia<\/p>\n","protected":false},"excerpt":{"rendered":"<p>Su Excelencia Mario Boyd Galindo, inici\u00f3 su agenda de visitas de cortes\u00eda al cuerpo diplom\u00e1tico acreditado en Colombia, con el Reverend\u00edsimo se\u00f1or Paolo Rudelli, Nuncio Apost\u00f3lico de Su Santidad en Colombia<\/p>\n","protected":false},"author":1,"featured_media":31952,"comment_status":"open","ping_status":"open","sticky":false,"template":"","format":"standard","meta":{"footnotes":""},"categories":[55],"tags":[],"class_list":["post-31951","post","type-post","status-publish","format-standard","has-post-thumbnail","hentry","category-colombia"],"toolset-meta":{"campos-de-texto":[]},"_links":{"self":[{"href":"https:\/\/mire.gob.pa\/ministerio\/wp-json\/wp\/v2\/posts\/31951","targetHints":{"allow":["GET"]}}],"collection":[{"href":"https:\/\/mire.gob.pa\/ministerio\/wp-json\/wp\/v2\/posts"}],"about":[{"href":"https:\/\/mire.gob.pa\/ministerio\/wp-json\/wp\/v2\/types\/post"}],"author":[{"embeddable":true,"href":"https:\/\/mire.gob.pa\/ministerio\/wp-json\/wp\/v2\/users\/1"}],"replies":[{"embeddable":true,"href":"https:\/\/mire.gob.pa\/ministerio\/wp-json\/wp\/v2\/comments?post=31951"}],"version-history":[{"count":1,"href":"https:\/\/mire.gob.pa\/ministerio\/wp-json\/wp\/v2\/posts\/31951\/revisions"}],"predecessor-version":[{"id":31953,"href":"https:\/\/mire.gob.pa\/ministerio\/wp-json\/wp\/v2\/posts\/31951\/revisions\/31953"}],"wp:featuredmedia":[{"embeddable":true,"href":"https:\/\/mire.gob.pa\/ministerio\/wp-json\/wp\/v2\/media\/31952"}],"wp:attachment":[{"href":"https:\/\/mire.gob.pa\/ministerio\/wp-json\/wp\/v2\/media?parent=31951"}],"wp:term":[{"taxonomy":"category","embeddable":true,"href":"https:\/\/mire.gob.pa\/ministerio\/wp-json\/wp\/v2\/categories?post=31951"},{"taxonomy":"post_tag","embeddable":true,"href":"https:\/\/mire.gob.pa\/ministerio\/wp-json\/wp\/v2\/tags?post=31951"}],"curies":[{"name":"wp","href":"https:\/\/api.w.org\/{rel}","templated":true}]}}