{"id":31956,"date":"2025-01-21T14:19:40","date_gmt":"2025-01-21T19:19:40","guid":{"rendered":"https:\/\/mire.gob.pa\/ministerio\/?p=31956"},"modified":"2025-02-07T14:22:32","modified_gmt":"2025-02-07T19:22:32","slug":"agenda-de-visitas-de-cortesia-al-cuerpo-diplomatico-3","status":"publish","type":"post","link":"https:\/\/mire.gob.pa\/ministerio\/agenda-de-visitas-de-cortesia-al-cuerpo-diplomatico-3\/","title":{"rendered":"Agenda de visitas de cortes\u00eda al cuerpo diplom\u00e1tico"},"content":{"rendered":"<p>Visita de cortes\u00eda de Su Excelencia Mario Boyd Galindo, a su hom\u00f3logo S. E. Oscar E. Villagr\u00e1n, Embajador de Guatemala en Colombia.<\/p>\n","protected":false},"excerpt":{"rendered":"<p>Visita de cortes\u00eda de Su Excelencia Mario Boyd Galindo, a su hom\u00f3logo S. E. Oscar E. Villagr\u00e1n, Embajador de Guatemala en Colombia.<\/p>\n","protected":false},"author":1,"featured_media":31957,"comment_status":"open","ping_status":"open","sticky":false,"template":"","format":"standard","meta":{"footnotes":""},"categories":[55],"tags":[],"class_list":["post-31956","post","type-post","status-publish","format-standard","has-post-thumbnail","hentry","category-colombia"],"toolset-meta":{"campos-de-texto":[]},"_links":{"self":[{"href":"https:\/\/mire.gob.pa\/ministerio\/wp-json\/wp\/v2\/posts\/31956","targetHints":{"allow":["GET"]}}],"collection":[{"href":"https:\/\/mire.gob.pa\/ministerio\/wp-json\/wp\/v2\/posts"}],"about":[{"href":"https:\/\/mire.gob.pa\/ministerio\/wp-json\/wp\/v2\/types\/post"}],"author":[{"embeddable":true,"href":"https:\/\/mire.gob.pa\/ministerio\/wp-json\/wp\/v2\/users\/1"}],"replies":[{"embeddable":true,"href":"https:\/\/mire.gob.pa\/ministerio\/wp-json\/wp\/v2\/comments?post=31956"}],"version-history":[{"count":1,"href":"https:\/\/mire.gob.pa\/ministerio\/wp-json\/wp\/v2\/posts\/31956\/revisions"}],"predecessor-version":[{"id":31958,"href":"https:\/\/mire.gob.pa\/ministerio\/wp-json\/wp\/v2\/posts\/31956\/revisions\/31958"}],"wp:featuredmedia":[{"embeddable":true,"href":"https:\/\/mire.gob.pa\/ministerio\/wp-json\/wp\/v2\/media\/31957"}],"wp:attachment":[{"href":"https:\/\/mire.gob.pa\/ministerio\/wp-json\/wp\/v2\/media?parent=31956"}],"wp:term":[{"taxonomy":"category","embeddable":true,"href":"https:\/\/mire.gob.pa\/ministerio\/wp-json\/wp\/v2\/categories?post=31956"},{"taxonomy":"post_tag","embeddable":true,"href":"https:\/\/mire.gob.pa\/ministerio\/wp-json\/wp\/v2\/tags?post=31956"}],"curies":[{"name":"wp","href":"https:\/\/api.w.org\/{rel}","templated":true}]}}