{"id":33002,"date":"2025-02-12T11:10:47","date_gmt":"2025-02-12T16:10:47","guid":{"rendered":"https:\/\/mire.gob.pa\/ministerio\/?p=33002"},"modified":"2025-07-25T11:12:03","modified_gmt":"2025-07-25T16:12:03","slug":"visita-de-cortesia-a-el-embajador-de-la-republica-italiana","status":"publish","type":"post","link":"https:\/\/mire.gob.pa\/ministerio\/visita-de-cortesia-a-el-embajador-de-la-republica-italiana\/","title":{"rendered":"Visita de cortes\u00eda a el Embajador de la Rep\u00fablica Italiana."},"content":{"rendered":"<p>S. E. Mario Boyd Galindo mantuvo un encuentro de cordialidad con su hom\u00f3logo Giancarlo Maria Curcio, Embajador de la Rep\u00fablica Italiana.<\/p>\n","protected":false},"excerpt":{"rendered":"<p>S. E. Mario Boyd Galindo mantuvo un encuentro de cordialidad con su hom\u00f3logo Giancarlo Maria Curcio, Embajador de la Rep\u00fablica Italiana.<\/p>\n","protected":false},"author":1,"featured_media":33003,"comment_status":"open","ping_status":"open","sticky":false,"template":"","format":"standard","meta":{"footnotes":""},"categories":[55],"tags":[],"class_list":["post-33002","post","type-post","status-publish","format-standard","has-post-thumbnail","hentry","category-colombia"],"toolset-meta":{"campos-de-texto":[]},"_links":{"self":[{"href":"https:\/\/mire.gob.pa\/ministerio\/wp-json\/wp\/v2\/posts\/33002","targetHints":{"allow":["GET"]}}],"collection":[{"href":"https:\/\/mire.gob.pa\/ministerio\/wp-json\/wp\/v2\/posts"}],"about":[{"href":"https:\/\/mire.gob.pa\/ministerio\/wp-json\/wp\/v2\/types\/post"}],"author":[{"embeddable":true,"href":"https:\/\/mire.gob.pa\/ministerio\/wp-json\/wp\/v2\/users\/1"}],"replies":[{"embeddable":true,"href":"https:\/\/mire.gob.pa\/ministerio\/wp-json\/wp\/v2\/comments?post=33002"}],"version-history":[{"count":1,"href":"https:\/\/mire.gob.pa\/ministerio\/wp-json\/wp\/v2\/posts\/33002\/revisions"}],"predecessor-version":[{"id":33004,"href":"https:\/\/mire.gob.pa\/ministerio\/wp-json\/wp\/v2\/posts\/33002\/revisions\/33004"}],"wp:featuredmedia":[{"embeddable":true,"href":"https:\/\/mire.gob.pa\/ministerio\/wp-json\/wp\/v2\/media\/33003"}],"wp:attachment":[{"href":"https:\/\/mire.gob.pa\/ministerio\/wp-json\/wp\/v2\/media?parent=33002"}],"wp:term":[{"taxonomy":"category","embeddable":true,"href":"https:\/\/mire.gob.pa\/ministerio\/wp-json\/wp\/v2\/categories?post=33002"},{"taxonomy":"post_tag","embeddable":true,"href":"https:\/\/mire.gob.pa\/ministerio\/wp-json\/wp\/v2\/tags?post=33002"}],"curies":[{"name":"wp","href":"https:\/\/api.w.org\/{rel}","templated":true}]}}