{"id":33158,"date":"2025-03-17T12:47:00","date_gmt":"2025-03-17T17:47:00","guid":{"rendered":"https:\/\/mire.gob.pa\/ministerio\/?p=33158"},"modified":"2025-07-25T14:37:31","modified_gmt":"2025-07-25T19:37:31","slug":"visita-de-cortesia-al-embajador-del-japon-en-colombia-takasugi","status":"publish","type":"post","link":"https:\/\/mire.gob.pa\/ministerio\/visita-de-cortesia-al-embajador-del-japon-en-colombia-takasugi\/","title":{"rendered":"Visita de cortes\u00eda al Embajador del Jap\u00f3n en Colombia, TAKASUGI"},"content":{"rendered":"<p>Su Excelencia Mario Boyd Galindo realiz\u00f3 visita de cortes\u00eda al Embajador del Jap\u00f3n en Colombia, TAKASUGI Masahiro, donde dialogaron sobre los temas de inter\u00e9s entre ambos pa\u00edses.<br \/>\nDurante la conversaci\u00f3n se resalt\u00f3 el art\u00edculo escrito por el ingeniero Juan Cardona Conte, titulado &#8220;El primer encuentro entre Jap\u00f3n y Panam\u00e1 en 1860: un hito en Am\u00e9rica Latina&#8221;, momento que propici\u00f3 una gratificante llamada con el autor para manifestar la importancia de seguir fortaleciendo los lazos de amistad y cooperaci\u00f3n que caracteriza las relaciones bilaterales.<\/p>\n","protected":false},"excerpt":{"rendered":"<p>Su Excelencia Mario Boyd Galindo realiz\u00f3 visita de cortes\u00eda al Embajador del Jap\u00f3n en Colombia, TAKASUGI Masahiro, donde dialogaron sobre los temas de inter\u00e9s entre ambos pa\u00edses. Durante la conversaci\u00f3n se resalt\u00f3 el art\u00edculo escrito por el ingeniero Juan Cardona Conte, titulado &#8220;El primer encuentro entre Jap\u00f3n y Panam\u00e1 en  [leer m\u00e1s]<\/p>\n","protected":false},"author":1,"featured_media":33176,"comment_status":"open","ping_status":"open","sticky":false,"template":"","format":"standard","meta":{"footnotes":""},"categories":[55],"tags":[],"class_list":["post-33158","post","type-post","status-publish","format-standard","has-post-thumbnail","hentry","category-colombia"],"toolset-meta":{"campos-de-texto":[]},"_links":{"self":[{"href":"https:\/\/mire.gob.pa\/ministerio\/wp-json\/wp\/v2\/posts\/33158","targetHints":{"allow":["GET"]}}],"collection":[{"href":"https:\/\/mire.gob.pa\/ministerio\/wp-json\/wp\/v2\/posts"}],"about":[{"href":"https:\/\/mire.gob.pa\/ministerio\/wp-json\/wp\/v2\/types\/post"}],"author":[{"embeddable":true,"href":"https:\/\/mire.gob.pa\/ministerio\/wp-json\/wp\/v2\/users\/1"}],"replies":[{"embeddable":true,"href":"https:\/\/mire.gob.pa\/ministerio\/wp-json\/wp\/v2\/comments?post=33158"}],"version-history":[{"count":1,"href":"https:\/\/mire.gob.pa\/ministerio\/wp-json\/wp\/v2\/posts\/33158\/revisions"}],"predecessor-version":[{"id":33177,"href":"https:\/\/mire.gob.pa\/ministerio\/wp-json\/wp\/v2\/posts\/33158\/revisions\/33177"}],"wp:featuredmedia":[{"embeddable":true,"href":"https:\/\/mire.gob.pa\/ministerio\/wp-json\/wp\/v2\/media\/33176"}],"wp:attachment":[{"href":"https:\/\/mire.gob.pa\/ministerio\/wp-json\/wp\/v2\/media?parent=33158"}],"wp:term":[{"taxonomy":"category","embeddable":true,"href":"https:\/\/mire.gob.pa\/ministerio\/wp-json\/wp\/v2\/categories?post=33158"},{"taxonomy":"post_tag","embeddable":true,"href":"https:\/\/mire.gob.pa\/ministerio\/wp-json\/wp\/v2\/tags?post=33158"}],"curies":[{"name":"wp","href":"https:\/\/api.w.org\/{rel}","templated":true}]}}