{"id":33178,"date":"2025-03-19T14:38:08","date_gmt":"2025-03-19T19:38:08","guid":{"rendered":"https:\/\/mire.gob.pa\/ministerio\/?p=33178"},"modified":"2025-07-25T14:39:23","modified_gmt":"2025-07-25T19:39:23","slug":"visita-de-cortesia-embajador-de-nicaragua-en-colombia","status":"publish","type":"post","link":"https:\/\/mire.gob.pa\/ministerio\/visita-de-cortesia-embajador-de-nicaragua-en-colombia\/","title":{"rendered":"Visita de cortes\u00eda embajador de Nicaragua en Colombia"},"content":{"rendered":"<p>S.E. Mario Antonio Boyd Galindo contin\u00faa con sus visitas de cortes\u00eda. En esta ocasi\u00f3n, se reuni\u00f3 con S.E. Harold de Jes\u00fas Delgado, embajador de Nicaragua en Colombia, fortaleciendo los lazos diplom\u00e1ticos entre ambas naciones.<\/p>\n","protected":false},"excerpt":{"rendered":"<p>S.E. Mario Antonio Boyd Galindo contin\u00faa con sus visitas de cortes\u00eda. En esta ocasi\u00f3n, se reuni\u00f3 con S.E. Harold de Jes\u00fas Delgado, embajador de Nicaragua en Colombia, fortaleciendo los lazos diplom\u00e1ticos entre ambas naciones.<\/p>\n","protected":false},"author":1,"featured_media":33179,"comment_status":"open","ping_status":"open","sticky":false,"template":"","format":"standard","meta":{"footnotes":""},"categories":[55],"tags":[],"class_list":["post-33178","post","type-post","status-publish","format-standard","has-post-thumbnail","hentry","category-colombia"],"toolset-meta":{"campos-de-texto":[]},"_links":{"self":[{"href":"https:\/\/mire.gob.pa\/ministerio\/wp-json\/wp\/v2\/posts\/33178","targetHints":{"allow":["GET"]}}],"collection":[{"href":"https:\/\/mire.gob.pa\/ministerio\/wp-json\/wp\/v2\/posts"}],"about":[{"href":"https:\/\/mire.gob.pa\/ministerio\/wp-json\/wp\/v2\/types\/post"}],"author":[{"embeddable":true,"href":"https:\/\/mire.gob.pa\/ministerio\/wp-json\/wp\/v2\/users\/1"}],"replies":[{"embeddable":true,"href":"https:\/\/mire.gob.pa\/ministerio\/wp-json\/wp\/v2\/comments?post=33178"}],"version-history":[{"count":1,"href":"https:\/\/mire.gob.pa\/ministerio\/wp-json\/wp\/v2\/posts\/33178\/revisions"}],"predecessor-version":[{"id":33180,"href":"https:\/\/mire.gob.pa\/ministerio\/wp-json\/wp\/v2\/posts\/33178\/revisions\/33180"}],"wp:featuredmedia":[{"embeddable":true,"href":"https:\/\/mire.gob.pa\/ministerio\/wp-json\/wp\/v2\/media\/33179"}],"wp:attachment":[{"href":"https:\/\/mire.gob.pa\/ministerio\/wp-json\/wp\/v2\/media?parent=33178"}],"wp:term":[{"taxonomy":"category","embeddable":true,"href":"https:\/\/mire.gob.pa\/ministerio\/wp-json\/wp\/v2\/categories?post=33178"},{"taxonomy":"post_tag","embeddable":true,"href":"https:\/\/mire.gob.pa\/ministerio\/wp-json\/wp\/v2\/tags?post=33178"}],"curies":[{"name":"wp","href":"https:\/\/api.w.org\/{rel}","templated":true}]}}