{"id":33340,"date":"2025-05-07T11:46:48","date_gmt":"2025-05-07T16:46:48","guid":{"rendered":"https:\/\/mire.gob.pa\/ministerio\/?p=33340"},"modified":"2025-07-28T11:51:45","modified_gmt":"2025-07-28T16:51:45","slug":"foro-conversatorio-sobre-el-nacimiento-de-la-republica-de-panama-al-concierto-de-las-naciones-y-su-historia","status":"publish","type":"post","link":"https:\/\/mire.gob.pa\/ministerio\/foro-conversatorio-sobre-el-nacimiento-de-la-republica-de-panama-al-concierto-de-las-naciones-y-su-historia\/","title":{"rendered":"Foro Conversatorio sobre \u201cEl Nacimiento de la Rep\u00fablica de Panam\u00e1 al concierto de las naciones y su historia\u201d"},"content":{"rendered":"<p>Con gran \u00e9xito culmin\u00f3 el foro organizado por la Embajada de Panam\u00e1 \u201cEl nacimiento de la Rep\u00fablica de Panam\u00e1 al concierto de las naciones y su historia\u201d, celebrado en elmarco de la FILBo 2025. Un espacio de reflexi\u00f3n sobre el origen y proyecci\u00f3n hist\u00f3rica de Panam\u00e1 en Am\u00e9rica Latina.<\/p>\n<p>\u00a1Gracias a todos los panelistas y asistentes por ser parte de este importante encuentro! \ud83d\udc4f\ud83c\udffc\ud83c\uddf5\ud83c\udde6\ud83c\uddf5\ud83c\udde6<\/p>\n","protected":false},"excerpt":{"rendered":"<p>Con gran \u00e9xito culmin\u00f3 el foro organizado por la Embajada de Panam\u00e1 \u201cEl nacimiento de la Rep\u00fablica de Panam\u00e1 al concierto de las naciones y su historia\u201d, celebrado en elmarco de la FILBo 2025. Un espacio de reflexi\u00f3n sobre el origen y proyecci\u00f3n hist\u00f3rica de Panam\u00e1 en Am\u00e9rica Latina. \u00a1Gracias  [leer m\u00e1s]<\/p>\n","protected":false},"author":1,"featured_media":33345,"comment_status":"open","ping_status":"open","sticky":false,"template":"","format":"standard","meta":{"footnotes":""},"categories":[55],"tags":[],"class_list":["post-33340","post","type-post","status-publish","format-standard","has-post-thumbnail","hentry","category-colombia"],"toolset-meta":{"campos-de-texto":[]},"_links":{"self":[{"href":"https:\/\/mire.gob.pa\/ministerio\/wp-json\/wp\/v2\/posts\/33340","targetHints":{"allow":["GET"]}}],"collection":[{"href":"https:\/\/mire.gob.pa\/ministerio\/wp-json\/wp\/v2\/posts"}],"about":[{"href":"https:\/\/mire.gob.pa\/ministerio\/wp-json\/wp\/v2\/types\/post"}],"author":[{"embeddable":true,"href":"https:\/\/mire.gob.pa\/ministerio\/wp-json\/wp\/v2\/users\/1"}],"replies":[{"embeddable":true,"href":"https:\/\/mire.gob.pa\/ministerio\/wp-json\/wp\/v2\/comments?post=33340"}],"version-history":[{"count":1,"href":"https:\/\/mire.gob.pa\/ministerio\/wp-json\/wp\/v2\/posts\/33340\/revisions"}],"predecessor-version":[{"id":33346,"href":"https:\/\/mire.gob.pa\/ministerio\/wp-json\/wp\/v2\/posts\/33340\/revisions\/33346"}],"wp:featuredmedia":[{"embeddable":true,"href":"https:\/\/mire.gob.pa\/ministerio\/wp-json\/wp\/v2\/media\/33345"}],"wp:attachment":[{"href":"https:\/\/mire.gob.pa\/ministerio\/wp-json\/wp\/v2\/media?parent=33340"}],"wp:term":[{"taxonomy":"category","embeddable":true,"href":"https:\/\/mire.gob.pa\/ministerio\/wp-json\/wp\/v2\/categories?post=33340"},{"taxonomy":"post_tag","embeddable":true,"href":"https:\/\/mire.gob.pa\/ministerio\/wp-json\/wp\/v2\/tags?post=33340"}],"curies":[{"name":"wp","href":"https:\/\/api.w.org\/{rel}","templated":true}]}}