{"id":33354,"date":"2025-05-14T11:57:05","date_gmt":"2025-05-14T16:57:05","guid":{"rendered":"https:\/\/mire.gob.pa\/ministerio\/?p=33354"},"modified":"2025-07-28T11:59:26","modified_gmt":"2025-07-28T16:59:26","slug":"reunion-de-acercamiento-entre-el-archivo-general-de-la-nacion-de-colombia-y-los-archivos-nacionales-de-panama","status":"publish","type":"post","link":"https:\/\/mire.gob.pa\/ministerio\/reunion-de-acercamiento-entre-el-archivo-general-de-la-nacion-de-colombia-y-los-archivos-nacionales-de-panama\/","title":{"rendered":"Reuni\u00f3n de acercamiento entre el Archivo General de la Naci\u00f3n de Colombia y los Archivos Nacionales de Panam\u00e1"},"content":{"rendered":"<p>Reuni\u00f3n de acercamiento entre el Archivo General de la Naci\u00f3n de Colombia y los Archivos Nacionales de Panam\u00e1, con el prop\u00f3sito de retomar conversaciones para la firma de un Memor\u00e1ndum de Entendimiento entre ambas instituciones.<\/p>\n<p>Durante el encuentro, se abordaron posibles \u00e1reas de cooperaci\u00f3n conjunta y actividades a desarrollar en el marco de la conmemoraci\u00f3n del Bicentenario del Congreso Anficti\u00f3nico de Panam\u00e1.<\/p>\n","protected":false},"excerpt":{"rendered":"<p>Reuni\u00f3n de acercamiento entre el Archivo General de la Naci\u00f3n de Colombia y los Archivos Nacionales de Panam\u00e1, con el prop\u00f3sito de retomar conversaciones para la firma de un Memor\u00e1ndum de Entendimiento entre ambas instituciones. Durante el encuentro, se abordaron posibles \u00e1reas de cooperaci\u00f3n conjunta y actividades a desarrollar en  [leer m\u00e1s]<\/p>\n","protected":false},"author":1,"featured_media":33356,"comment_status":"open","ping_status":"open","sticky":false,"template":"","format":"standard","meta":{"footnotes":""},"categories":[55],"tags":[],"class_list":["post-33354","post","type-post","status-publish","format-standard","has-post-thumbnail","hentry","category-colombia"],"toolset-meta":{"campos-de-texto":[]},"_links":{"self":[{"href":"https:\/\/mire.gob.pa\/ministerio\/wp-json\/wp\/v2\/posts\/33354","targetHints":{"allow":["GET"]}}],"collection":[{"href":"https:\/\/mire.gob.pa\/ministerio\/wp-json\/wp\/v2\/posts"}],"about":[{"href":"https:\/\/mire.gob.pa\/ministerio\/wp-json\/wp\/v2\/types\/post"}],"author":[{"embeddable":true,"href":"https:\/\/mire.gob.pa\/ministerio\/wp-json\/wp\/v2\/users\/1"}],"replies":[{"embeddable":true,"href":"https:\/\/mire.gob.pa\/ministerio\/wp-json\/wp\/v2\/comments?post=33354"}],"version-history":[{"count":1,"href":"https:\/\/mire.gob.pa\/ministerio\/wp-json\/wp\/v2\/posts\/33354\/revisions"}],"predecessor-version":[{"id":33357,"href":"https:\/\/mire.gob.pa\/ministerio\/wp-json\/wp\/v2\/posts\/33354\/revisions\/33357"}],"wp:featuredmedia":[{"embeddable":true,"href":"https:\/\/mire.gob.pa\/ministerio\/wp-json\/wp\/v2\/media\/33356"}],"wp:attachment":[{"href":"https:\/\/mire.gob.pa\/ministerio\/wp-json\/wp\/v2\/media?parent=33354"}],"wp:term":[{"taxonomy":"category","embeddable":true,"href":"https:\/\/mire.gob.pa\/ministerio\/wp-json\/wp\/v2\/categories?post=33354"},{"taxonomy":"post_tag","embeddable":true,"href":"https:\/\/mire.gob.pa\/ministerio\/wp-json\/wp\/v2\/tags?post=33354"}],"curies":[{"name":"wp","href":"https:\/\/api.w.org\/{rel}","templated":true}]}}