{"id":33430,"date":"2025-06-12T10:07:15","date_gmt":"2025-06-12T15:07:15","guid":{"rendered":"https:\/\/mire.gob.pa\/ministerio\/?p=33430"},"modified":"2025-07-29T10:09:23","modified_gmt":"2025-07-29T15:09:23","slug":"visita-de-cortesia-a-la-jefa-de-mision-de-jamaica-ante-el-gobierno-de-colombia","status":"publish","type":"post","link":"https:\/\/mire.gob.pa\/ministerio\/visita-de-cortesia-a-la-jefa-de-mision-de-jamaica-ante-el-gobierno-de-colombia\/","title":{"rendered":"Visita de cortes\u00eda a la Jefa de Misi\u00f3n de Jamaica ante el Gobierno de Colombia,"},"content":{"rendered":"<p>El Embajador de Panam\u00e1 en Colombia, Mario Boyd Galindo, realiz\u00f3 una visita de cortes\u00eda a la Jefa de Misi\u00f3n de Jamaica ante el Gobierno de Colombia, S.E. Elaine Townsend.<\/p>\n<p>Durante el encuentro, se intercambiaron comentarios sobre la reciente celebraci\u00f3n de la Cumbre de la AEC, realizada en Cartagena de Indias a finales del mes de mayo, ocasi\u00f3n en la que Panam\u00e1 asumi\u00f3 la Presidencia del Consejo de Ministros de dicha asociaci\u00f3n. \ud83c\uddf5\ud83c\udde6\ud83c\uddef\ud83c\uddf2<\/p>\n","protected":false},"excerpt":{"rendered":"<p>El Embajador de Panam\u00e1 en Colombia, Mario Boyd Galindo, realiz\u00f3 una visita de cortes\u00eda a la Jefa de Misi\u00f3n de Jamaica ante el Gobierno de Colombia, S.E. Elaine Townsend. Durante el encuentro, se intercambiaron comentarios sobre la reciente celebraci\u00f3n de la Cumbre de la AEC, realizada en Cartagena de Indias  [leer m\u00e1s]<\/p>\n","protected":false},"author":1,"featured_media":33431,"comment_status":"open","ping_status":"open","sticky":false,"template":"","format":"standard","meta":{"footnotes":""},"categories":[55],"tags":[],"class_list":["post-33430","post","type-post","status-publish","format-standard","has-post-thumbnail","hentry","category-colombia"],"toolset-meta":{"campos-de-texto":[]},"_links":{"self":[{"href":"https:\/\/mire.gob.pa\/ministerio\/wp-json\/wp\/v2\/posts\/33430","targetHints":{"allow":["GET"]}}],"collection":[{"href":"https:\/\/mire.gob.pa\/ministerio\/wp-json\/wp\/v2\/posts"}],"about":[{"href":"https:\/\/mire.gob.pa\/ministerio\/wp-json\/wp\/v2\/types\/post"}],"author":[{"embeddable":true,"href":"https:\/\/mire.gob.pa\/ministerio\/wp-json\/wp\/v2\/users\/1"}],"replies":[{"embeddable":true,"href":"https:\/\/mire.gob.pa\/ministerio\/wp-json\/wp\/v2\/comments?post=33430"}],"version-history":[{"count":1,"href":"https:\/\/mire.gob.pa\/ministerio\/wp-json\/wp\/v2\/posts\/33430\/revisions"}],"predecessor-version":[{"id":33432,"href":"https:\/\/mire.gob.pa\/ministerio\/wp-json\/wp\/v2\/posts\/33430\/revisions\/33432"}],"wp:featuredmedia":[{"embeddable":true,"href":"https:\/\/mire.gob.pa\/ministerio\/wp-json\/wp\/v2\/media\/33431"}],"wp:attachment":[{"href":"https:\/\/mire.gob.pa\/ministerio\/wp-json\/wp\/v2\/media?parent=33430"}],"wp:term":[{"taxonomy":"category","embeddable":true,"href":"https:\/\/mire.gob.pa\/ministerio\/wp-json\/wp\/v2\/categories?post=33430"},{"taxonomy":"post_tag","embeddable":true,"href":"https:\/\/mire.gob.pa\/ministerio\/wp-json\/wp\/v2\/tags?post=33430"}],"curies":[{"name":"wp","href":"https:\/\/api.w.org\/{rel}","templated":true}]}}