{"id":34546,"date":"2025-10-03T05:48:47","date_gmt":"2025-10-03T10:48:47","guid":{"rendered":"https:\/\/mire.gob.pa\/ministerio\/?p=34546"},"modified":"2025-10-20T06:57:55","modified_gmt":"2025-10-20T11:57:55","slug":"exhibicion-de-arte-sacro-puentes-entre-lo-divino-y-lo-humano","status":"publish","type":"post","link":"https:\/\/mire.gob.pa\/ministerio\/exhibicion-de-arte-sacro-puentes-entre-lo-divino-y-lo-humano\/","title":{"rendered":"Exhibici\u00f3n de Arte Sacro: Puentes entre lo divino y lo humano"},"content":{"rendered":"<p>La Embajada de Panam\u00e1, en conjunto con las Embajadas del Grupo Latinoamericano y del Caribe (GRULAC), acreditadas ante la Santa Sede, realizaron dentro de las actividades conjuntas del A\u00f1o Jubilar,\u00a0 una exhibici\u00f3n de Arte Sacro en la Iglesia Nacional Espa\u00f1ola, en Roma, Italia, del 3 al 9 de octubre de 2025.<\/p>\n<p>La Embajada de Panam\u00e1 se hizo presente con una obra en alto relieve que representa la Natividad, del autor paname\u00f1o Oswaldo A. Quintana D,\u00a0 facilitada por la Arquidi\u00f3cesis de Panam\u00e1.<\/p>\n<p>La escena representa el Nacimiento de El Salvador con la Virgen Mar\u00eda, San Jos\u00e9 y el Ni\u00f1o Jes\u00fas como figuras centrales.\u00a0 A trav\u00e9s del volumen y la profundidad del relieve, el espectador es conducido a una contemplaci\u00f3n m\u00e1s \u00edntima del Misterio de la Encarnaci\u00f3n, donde lo divino\u00a0 se manifiesta en la sencillez de una familia humana.<\/p>\n<p>La obra, elaborada mediante la t\u00e9cnica de alto relieve utilizando una mezcla de resina poli\u00e9ster y talco industrial.\u00a0 La pieza ha sido pintada con acr\u00edlico met\u00e1lico en un tratamiento monocrom\u00e1tico que emula el bronce, otorg\u00e1ndole una presencia sobria y temporal propia del arte lit\u00fargico tradicional.<\/p>\n","protected":false},"excerpt":{"rendered":"<p>La Embajada de Panam\u00e1, en conjunto con las Embajadas del Grupo Latinoamericano y del Caribe (GRULAC), acreditadas ante la Santa Sede, realizaron dentro de las actividades conjuntas del A\u00f1o Jubilar,\u00a0 una exhibici\u00f3n de Arte Sacro en la Iglesia Nacional Espa\u00f1ola, en Roma, Italia, del 3 al 9 de octubre de  [leer m\u00e1s]<\/p>\n","protected":false},"author":1,"featured_media":34547,"comment_status":"open","ping_status":"open","sticky":false,"template":"","format":"standard","meta":{"footnotes":""},"categories":[99],"tags":[],"class_list":["post-34546","post","type-post","status-publish","format-standard","has-post-thumbnail","hentry","category-santa-sede"],"toolset-meta":{"campos-de-texto":[]},"_links":{"self":[{"href":"https:\/\/mire.gob.pa\/ministerio\/wp-json\/wp\/v2\/posts\/34546","targetHints":{"allow":["GET"]}}],"collection":[{"href":"https:\/\/mire.gob.pa\/ministerio\/wp-json\/wp\/v2\/posts"}],"about":[{"href":"https:\/\/mire.gob.pa\/ministerio\/wp-json\/wp\/v2\/types\/post"}],"author":[{"embeddable":true,"href":"https:\/\/mire.gob.pa\/ministerio\/wp-json\/wp\/v2\/users\/1"}],"replies":[{"embeddable":true,"href":"https:\/\/mire.gob.pa\/ministerio\/wp-json\/wp\/v2\/comments?post=34546"}],"version-history":[{"count":2,"href":"https:\/\/mire.gob.pa\/ministerio\/wp-json\/wp\/v2\/posts\/34546\/revisions"}],"predecessor-version":[{"id":34551,"href":"https:\/\/mire.gob.pa\/ministerio\/wp-json\/wp\/v2\/posts\/34546\/revisions\/34551"}],"wp:featuredmedia":[{"embeddable":true,"href":"https:\/\/mire.gob.pa\/ministerio\/wp-json\/wp\/v2\/media\/34547"}],"wp:attachment":[{"href":"https:\/\/mire.gob.pa\/ministerio\/wp-json\/wp\/v2\/media?parent=34546"}],"wp:term":[{"taxonomy":"category","embeddable":true,"href":"https:\/\/mire.gob.pa\/ministerio\/wp-json\/wp\/v2\/categories?post=34546"},{"taxonomy":"post_tag","embeddable":true,"href":"https:\/\/mire.gob.pa\/ministerio\/wp-json\/wp\/v2\/tags?post=34546"}],"curies":[{"name":"wp","href":"https:\/\/api.w.org\/{rel}","templated":true}]}}