{"id":7713,"date":"2020-12-21T10:05:08","date_gmt":"2020-12-21T15:05:08","guid":{"rendered":"https:\/\/mire.gob.pa\/ministerio\/?p=7713"},"modified":"2020-12-21T10:05:08","modified_gmt":"2020-12-21T15:05:08","slug":"ceremonia-de-graduacion-de-la-promocion-del-2020-de-cadetes-panamenos-de-la-escuela-de-cadetes-de-policia-general-francisco-de-paula-santander","status":"publish","type":"post","link":"https:\/\/mire.gob.pa\/ministerio\/ceremonia-de-graduacion-de-la-promocion-del-2020-de-cadetes-panamenos-de-la-escuela-de-cadetes-de-policia-general-francisco-de-paula-santander\/","title":{"rendered":"Ceremonia de graduaci\u00f3n de la promoci\u00f3n del 2020 de cadetes paname\u00f1os de la Escuela de Cadetes de Polic\u00eda General Francisco de Paula Santander"},"content":{"rendered":"<p>Este 8 de diciembre, en una prestigiosa ceremonia se graduaron en la promoci\u00f3n del 2020 de la Escuela de Cadetes de Polic\u00eda General Francisco de Paula Santander obteniendo el titulo como Administrador Policial los j\u00f3venes paname\u00f1os: Edgar Antonio Benavides Ibarra, Riddick Ra\u00fal Concepci\u00f3n Plicett, Larissa Del Carmen Aldeano Delgado, Alexis Joel Pinto Ch\u00e1vez, Leopoldo David Mendoza Chong, Eric Jair Fruto Echeverr\u00eda, Jovel Marilo Almegor Obando, Rigoberto Valdez Ch\u00e1vez, Elvis Gallardo Mart\u00ednez, Manuel Aurelio Jord\u00e1n Pijals, Iv\u00e1n Eliecer Ruiz, Emanuel Jim\u00e9nez Caisamo, Mayra Estela Ja\u00e9n Cerrud, Alejandra Selen P\u00e9rez Moran. El Comisionado DEM EJ.<br \/>\nOscar Ernesto Beitia,<br \/>\nAgregado de seguridad y Defensa de La Embajada De Panam\u00e1 en Colombia acompa\u00f1\u00f3 a los exitosos graduados y a los dem\u00e1s cadetes que contin\u00faan sus estudios en tan prestigiosa academia de polic\u00eda colombiana. \u00a1Felicidades Muchachos!<\/p>\n","protected":false},"excerpt":{"rendered":"<p>Este 8 de diciembre, en una prestigiosa ceremonia se graduaron en la promoci\u00f3n del 2020 de la Escuela de Cadetes de Polic\u00eda General Francisco de Paula Santander obteniendo el titulo como Administrador Policial los j\u00f3venes paname\u00f1os: Edgar Antonio Benavides Ibarra, Riddick Ra\u00fal Concepci\u00f3n Plicett, Larissa Del Carmen Aldeano Delgado, Alexis  [leer m\u00e1s]<\/p>\n","protected":false},"author":1,"featured_media":7714,"comment_status":"open","ping_status":"open","sticky":false,"template":"","format":"standard","meta":{"footnotes":""},"categories":[55],"tags":[],"class_list":["post-7713","post","type-post","status-publish","format-standard","has-post-thumbnail","hentry","category-colombia"],"toolset-meta":{"campos-de-texto":[]},"_links":{"self":[{"href":"https:\/\/mire.gob.pa\/ministerio\/wp-json\/wp\/v2\/posts\/7713","targetHints":{"allow":["GET"]}}],"collection":[{"href":"https:\/\/mire.gob.pa\/ministerio\/wp-json\/wp\/v2\/posts"}],"about":[{"href":"https:\/\/mire.gob.pa\/ministerio\/wp-json\/wp\/v2\/types\/post"}],"author":[{"embeddable":true,"href":"https:\/\/mire.gob.pa\/ministerio\/wp-json\/wp\/v2\/users\/1"}],"replies":[{"embeddable":true,"href":"https:\/\/mire.gob.pa\/ministerio\/wp-json\/wp\/v2\/comments?post=7713"}],"version-history":[{"count":1,"href":"https:\/\/mire.gob.pa\/ministerio\/wp-json\/wp\/v2\/posts\/7713\/revisions"}],"predecessor-version":[{"id":7717,"href":"https:\/\/mire.gob.pa\/ministerio\/wp-json\/wp\/v2\/posts\/7713\/revisions\/7717"}],"wp:featuredmedia":[{"embeddable":true,"href":"https:\/\/mire.gob.pa\/ministerio\/wp-json\/wp\/v2\/media\/7714"}],"wp:attachment":[{"href":"https:\/\/mire.gob.pa\/ministerio\/wp-json\/wp\/v2\/media?parent=7713"}],"wp:term":[{"taxonomy":"category","embeddable":true,"href":"https:\/\/mire.gob.pa\/ministerio\/wp-json\/wp\/v2\/categories?post=7713"},{"taxonomy":"post_tag","embeddable":true,"href":"https:\/\/mire.gob.pa\/ministerio\/wp-json\/wp\/v2\/tags?post=7713"}],"curies":[{"name":"wp","href":"https:\/\/api.w.org\/{rel}","templated":true}]}}